{"id":31238,"date":"2026-09-01T12:38:50","date_gmt":"2026-09-01T09:38:50","guid":{"rendered":"https:\/\/funky.ong\/?p=31238"},"modified":"2026-09-01T12:40:45","modified_gmt":"2026-09-01T09:40:45","slug":"cum-o-retea-coordonata-a-transformat-o-declaratie-defensiva-intr-o-alarma-falsa-de-razboi","status":"publish","type":"post","link":"https:\/\/funky.ong\/en\/cum-o-retea-coordonata-a-transformat-o-declaratie-defensiva-intr-o-alarma-falsa-de-razboi\/","title":{"rendered":"Cum o re\u021bea coordonat\u0103 a transformat o declara\u021bie defensiv\u0103 \u00eentr-o alarm\u0103 fals\u0103 de r\u0103zboi"},"content":{"rendered":"<blockquote>\r\n<p class=\"has-text-align-center p1 wp-block-paragraph\" style=\"text-align: center;\"><span class=\"s1\">\u201eRom\u00e2nia este preg\u0103tit\u0103 s\u0103 r\u0103spund\u0103 militar Rusiei\u201d<\/span><\/p>\r\n<\/blockquote>\r\n\r\n\r\n\r\n<p class=\"wp-block-paragraph\">&nbsp;<\/p>\r\n<p><strong>Pe 21 august 2026, ministra de externe Oana \u021aoiu a fost invitat\u0103 la Antena 3 CNN, unde a vorbit despre incidentele recente cu drone \u00een apropierea M\u0103rii Negre. \u00centrebat\u0103 cum reac\u021bioneaz\u0103 Rom\u00e2nia, a spus c\u0103 \u021bara e preg\u0103tit\u0103 s\u0103 r\u0103spund\u0103 \u201eat\u00e2t militar, c\u00e2t \u0219i diplomatic&#8221; pentru a-\u0219i ap\u0103ra cet\u0103\u021benii \u0219i teritoriul. Dou\u0103 zile mai t\u00e2rziu, pe 23 august, trei pagini de Facebook pentru rom\u00e2nii din diaspora au preluat declara\u021bia \u0219i au t\u0103iat-o p\u00e2n\u0103 la o singur\u0103 fraz\u0103: \u201eRom\u00e2nia este preg\u0103tit\u0103 s\u0103 r\u0103spund\u0103 militar Rusiei&#8221;. F\u0103r\u0103 \u201ediplomatic&#8221;, f\u0103r\u0103 contextul ap\u0103r\u0103rii, \u00eenso\u021bit\u0103 de imagini cu explozii \u0219i fl\u0103c\u0103ri. Sensul s-a inversat: dintr-o pozi\u021bie de descurajare, mesajul a devenit anun\u021bul unui r\u0103zboi iminent.\u00a0<\/strong><\/p>\r\n<p>&nbsp;<\/p>\r\n\r\n\r\n\r\n<p class=\"wp-block-paragraph\" style=\"text-align: center;\"><a class=\"wp-block-button__link has-vivid-red-background-color has-background has-medium-font-size has-custom-font-size wp-element-button\" href=\"https:\/\/funky.ong\/wp-content\/uploads\/2026\/09\/Raport-Funky-Citizens_-Alarma-falsa-de-razboi.pdf\" target=\"_blank\" rel=\"noreferrer noopener\">Raport (format PDF)<\/a><\/p>\r\n<p>&nbsp;<\/p>\r\n<p><span style=\"font-weight: 400;\">De acolo, fraza s-a r\u0103sp\u00e2ndit rapid pe Facebook \u0219i TikTok, a str\u00e2ns sute de mii de vizualiz\u0103ri \u0219i zeci de mii de comentarii, \u0219i a declan\u0219at dou\u0103 valuri de reac\u021bii &#8211; unul de ur\u0103 la adresa ministrei, altul de mesaje care iau ap\u0103rarea Rusiei. <\/span><\/p>\r\n\r\n\r\n\r\n<h4 class=\"wp-block-heading has-text-align-center\"><span style=\"font-weight: 400;\">Materialul de fa\u021b\u0103 arat\u0103 cine a pornit acest mesaj, c\u00e2t de departe a ajuns \u0219i c\u00e2t din r\u0103sp\u00e2ndirea lui a fost real\u0103, nu fabricat\u0103.<\/span><\/h4>\r\n\r\n\r\n\r\n<p class=\"wp-block-paragraph\"><span style=\"font-weight: 400;\">Pentru a \u00een\u021belege cum a func\u021bionat acest mesaj, ne-am uitat la trei lucruri: cine sunt paginile care l-au pornit \u0219i ce leg\u0103turi au \u00eentre ele, cum a circulat pe Facebook \u0219i TikTok &#8211; \u0219i mai ales c\u00e2t din aceast\u0103 circula\u021bie a fost r\u0103sp\u00e2ndire real\u0103 \u0219i c\u00e2t simpl\u0103 repetare a acelora\u0219i texte &#8211; \u0219i, \u00een final, ce au scris oamenii \u00een comentarii, odat\u0103 ce mesajul a ajuns la ei. Am analizat 14.567 de comentarii de sub cele patru post\u0103ri ale re\u021belei, 837 de post\u0103ri de pe Facebook \u0219i 25 de pe TikTok, publicate \u00een intervalul 20\u201326 august 2026, plus registrele publice britanice \u0219i italiene care arat\u0103 cine de\u021bine cele trei pagini. <\/span><\/p>\r\n\r\n\r\n\r\n<p class=\"wp-block-paragraph\"><span style=\"font-weight: 400;\">Iat\u0103 ce am g\u0103sit:<\/span><\/p>\r\n\r\n\r\n\r\n<ul class=\"wp-block-list\">\r\n<li><b>O reformulare cu surs\u0103 unic\u0103. <\/b><span style=\"font-weight: 400;\">Citatul \u201eRom\u00e2nia e gata s\u0103 r\u0103spund\u0103 militar Rusiei\u201d a ap\u0103rut aproape simultan pe trei pagini de Facebook din diaspora &#8211; Germania, Austria \u0219i Spania &#8211; care apar\u021bin aceleia\u0219i re\u021bele media britanice, cu leg\u0103turi c\u0103tre partidul italian Italexit.<\/span><\/li>\r\n\r\n\r\n\r\n<li><b>Vizibilitate umflat\u0103 de duplicare. <\/b><span style=\"font-weight: 400;\">Pe segmentul cel mai voluminos (tema \u201eRusia\u201d), doar 49 din 533 de post\u0103ri sunt unice &#8211; restul reproduc acelea\u0219i formule de captare a aten\u021biei, nu informa\u021bie nou\u0103.<\/span><\/li>\r\n\r\n\r\n\r\n<li><b>Un val de reac\u021bii reale \u0219i ostile. <\/b><span style=\"font-weight: 400;\">Cele patru post\u0103ri analizate au str\u00e2ns peste 17.600 de comentarii pe Facebook, dintre care 96,61% negative, plus \u00eenc\u0103 432.188 de vizualiz\u0103ri pe TikTok \u00een \u0219ase zile.<\/span><\/li>\r\n\r\n\r\n\r\n<li><b>Dou\u0103 reac\u021bii declan\u0219ate simultan. <\/b><span style=\"font-weight: 400;\">Reformularea a alimentat at\u00e2t ura personalizat\u0103 fa\u021b\u0103 de ministra \u201eprovocatoare\u201d (inclusiv amenin\u021b\u0103ri cu moartea), c\u00e2t \u0219i o promovare a nara\u021biunilor pro-ruse care neag\u0103 amenin\u021barea \u0219i mut\u0103 vina pe Ucraina, UE \u0219i NATO.<\/span><\/li>\r\n<\/ul>\r\n\r\n\r\n\r\n<h3 class=\"wp-block-heading has-white-color has-text-color has-background has-link-color wp-elements-57c3cdbd2816a912a723097872473848\" style=\"background-color: #3565c4;\"><b>Distorsiunea<\/b><\/h3>\r\n\r\n\r\n\r\n<p class=\"wp-block-paragraph\"><b>\u201eRom\u00e2nia este preg\u0103tit\u0103 s\u0103 r\u0103spund\u0103 militar Rusiei.\u201d<\/b><span style=\"font-weight: 400;\"> \u00cen c\u00e2teva minute, acela\u0219i mesaj a ap\u0103rut pe trei pagini de Facebook dedicate diasporei rom\u00e2ne\u0219ti din <\/span><a href=\"https:\/\/www.facebook.com\/ziarulgermania\/posts\/pfbid02LcozXo9B8RMSBskUtm12ao9z9JsgKvn19cVGrJfe1mK829siBvQfvptnrRxXf31al\" target=\"_blank\" rel=\"noopener\"><span style=\"font-weight: 400;\">Germania<\/span><\/a><span style=\"font-weight: 400;\">, <\/span><a href=\"https:\/\/www.facebook.com\/ziarulaustria\/posts\/pfbid0d7pUeXWCBWo7GfQUeQb7q3dwY2XiwSmEiiGbMiQa5injouNGo5PXDeZsrPsAELV5l\" target=\"_blank\" rel=\"noopener\"><span style=\"font-weight: 400;\">Austria<\/span><\/a><span style=\"font-weight: 400;\"> and <\/span><a href=\"https:\/\/www.facebook.com\/ziarulspania\/posts\/pfbid026qwPt3cgGCM1heaXUfLXunRMS1tyjzVZp4AMTVY91egP5KoeEvojYcSHRSWGnUMUl\" target=\"_blank\" rel=\"noopener\"><span style=\"font-weight: 400;\">Spania<\/span><\/a><span style=\"font-weight: 400;\">. Era \u00eenso\u021bit de imagini cu explozii \u0219i fl\u0103c\u0103ri \u0219i sugera c\u0103 ministrul de Externe Oana \u021aoiu ar fi anun\u021bat perspectiva unei confrunt\u0103ri militare directe cu Rusia.\u00a0<\/span><\/p>\r\n\r\n\r\n<div class=\"wp-block-image\">\r\n<figure class=\"aligncenter size-large\"><img width=\"600\" height=\"338\" class=\"wp-image-31242 aligncenter\" src=\"https:\/\/funky.ong\/wp-content\/uploads\/2026\/09\/funky-citizens-raport-alarma-falsa-razboi-1-600x338.png\" alt=\"\" srcset=\"https:\/\/funky.ong\/wp-content\/uploads\/2026\/09\/funky-citizens-raport-alarma-falsa-razboi-1-600x338.png 600w, https:\/\/funky.ong\/wp-content\/uploads\/2026\/09\/funky-citizens-raport-alarma-falsa-razboi-1-300x169.png 300w, https:\/\/funky.ong\/wp-content\/uploads\/2026\/09\/funky-citizens-raport-alarma-falsa-razboi-1-768x432.png 768w, https:\/\/funky.ong\/wp-content\/uploads\/2026\/09\/funky-citizens-raport-alarma-falsa-razboi-1-1536x864.png 1536w, https:\/\/funky.ong\/wp-content\/uploads\/2026\/09\/funky-citizens-raport-alarma-falsa-razboi-1-18x10.png 18w, https:\/\/funky.ong\/wp-content\/uploads\/2026\/09\/funky-citizens-raport-alarma-falsa-razboi-1.png 1920w\" sizes=\"(max-width: 600px) 100vw, 600px\" \/><\/figure>\r\n<\/div>\r\n\r\n\r\n<p class=\"wp-block-paragraph\">&nbsp;<\/p>\r\n<p><span style=\"font-weight: 400;\"><strong>Doar c\u0103 declara\u021bia original\u0103 spunea altceva.<\/strong> Oana \u021aoiu vorbise despre capacitatea Rom\u00e2niei de a r\u0103spunde \u201eat\u00e2t militar, c\u00e2t \u0219i diplomatic\u201d pentru ap\u0103rarea cet\u0103\u021benilor \u0219i a teritoriului na\u021bional, \u00een contextul incidentelor de securitate din Marea Neagr\u0103. <\/span><a href=\"https:\/\/www.factual.ro\/dezinformari-rs\/context-lipsa-oana-toiu-ar-fi-spus-ca-romania-e-pregatita-sa-raspunda-militar-rusiei\/\" target=\"_blank\" rel=\"noopener\"><span style=\"font-weight: 400;\">Factual.ro project<\/span><\/a><span style=\"font-weight: 400;\"> a \u00eencadrat ulterior afirma\u021bia distribuit\u0103 online la \u201econtext lips\u0103\u201d.\u00a0<\/span><\/p>\r\n\r\n\r\n\r\n<p class=\"wp-block-paragraph\"><span style=\"font-weight: 400;\">Problema nu este \u00eens\u0103 doar c\u0103 un citat a fost scos din context. Am urm\u0103rit cine a pus \u00een circula\u021bie aceast\u0103 reformulare, cum s-a multiplicat pe Facebook \u0219i TikTok \u0219i ce reac\u021bii a generat. Datele arat\u0103 dou\u0103 fenomene care coexist\u0103: o amplificare puternic bazat\u0103 pe con\u021binut repetitiv \u0219i, odat\u0103 ce nara\u021biunea ajunge la public, reac\u021bii autentice \u0219i extrem de ostile, inclusiv amenin\u021b\u0103ri la adresa ministrei \u0219i mesaje care relativizeaz\u0103 amenin\u021barea rus\u0103. Doar pe cele patru post\u0103ri analizate, reformularea a str\u00e2ns peste 17.600 de comentarii, la care se adaug\u0103, pe TikTok, 432.188 de vizualiz\u0103ri \u0219i aproape 16.000 de interac\u021biuni \u00een doar \u0219ase zile.\u00a0<\/span><\/p>\r\n\r\n\r\n\r\n<h3 class=\"wp-block-heading has-white-color has-text-color has-background has-link-color wp-elements-c3db7b88027ea6e1ee17d891a84a7cd1\" style=\"background-color: #3565c4;\"><b>Ce a spus, de fapt, ministra de la Externe<\/b><\/h3>\r\n\r\n\r\n\r\n<p class=\"wp-block-paragraph\"><span style=\"font-weight: 400;\">Pe <strong>21 august<\/strong>, la <\/span><a href=\"https:\/\/www.antena3.ro\/politica\/romania-are-pregatit-un-set-de-masuri-impotriva-rusiei-oana-toiu-cresc-riscurile-la-marea-neagra-suntem-pregatiti-sa-raspundem-800365.html\" target=\"_blank\" rel=\"noopener\"><span style=\"font-weight: 400;\">Antena 3 CNN<\/span><\/a><span style=\"font-weight: 400;\">, Oana \u021aoiu a vorbit despre cre\u0219terea riscurilor de securitate la Marea Neagr\u0103 \u0219i despre incidentele recente cu drone \u00een apropierea teritoriului Rom\u00e2niei. A precizat explicit c\u0103, \u00een cazul dronei discutate \u00een emisiune, autorit\u0103\u021bile rom\u00e2ne nu aveau indicii privind o inten\u021bie a Federa\u021biei Ruse.<\/span><\/p>\r\n\r\n\r\n\r\n<p class=\"wp-block-paragraph\"><span style=\"font-weight: 400;\">Abia ulterior a afirmat c\u0103 Rom\u00e2nia este preg\u0103tit\u0103 s\u0103 r\u0103spund\u0103 \u201eat\u00e2t militar, c\u00e2t \u0219i diplomatic\u201d, explic\u00e2nd imediat scopul acestei preg\u0103tiri: \u201epentru a ne ap\u0103ra siguran\u021ba cet\u0103\u021benilor no\u0219tri pe teritoriul nostru\u201d.<\/span><\/p>\r\n\r\n\r\n\r\n<p class=\"wp-block-paragraph\"><span style=\"font-weight: 400;\"><strong>Cu alte cuvinte:<\/strong> nu a anun\u021bat inten\u021bia Rom\u00e2niei de a ataca Rusia sau de a intra \u00eentr-un r\u0103zboi, ci a vorbit despre m\u0103suri defensive care ar putea fi folosite, dac\u0103 situa\u021bia o impune, pentru protejarea cet\u0103\u021benilor \u0219i a teritoriului na\u021bional.<\/span><\/p>\r\n\r\n\r\n\r\n<h3 class=\"wp-block-heading has-white-color has-text-color has-background has-link-color wp-elements-cfb75483bf5b5625fe62feb1e27a6287\" style=\"background-color: #3565c4;\"><b>Cine a pus mesajul \u00een circula\u021bie\u00a0<\/b><\/h3>\r\n\r\n\r\n\r\n<p class=\"wp-block-paragraph\"><span style=\"font-weight: 400;\"><strong>Mesajul \u201eRom\u00e2nia intr\u0103 \u00een r\u0103zboi&#8221;<\/strong> nu a pornit din trei locuri diferite, ca reac\u021bie spontan\u0103 a unor publica\u021bii independente la aceea\u0219i declara\u021bie. <strong>A pornit dintr-un singur loc.<\/strong> Cele trei pagini care l-au distribuit la c\u00e2teva minute distan\u021b\u0103: Ziarul Rom\u00e2nesc Germania, Austria \u0219i Spania fac parte din aceea\u0219i re\u021bea media, controlat\u0103 de o companie britanic\u0103, <\/span><strong><a href=\"https:\/\/find-and-update.company-information.service.gov.uk\/company\/07212256\/persons-with-significant-control\" target=\"_blank\" rel=\"noopener\">New European Media Ltd<\/a><\/strong><span style=\"font-weight: 400;\"><strong>,<\/strong> \u0219i folosesc chiar aceea\u0219i infrastructur\u0103 de monetizare (acela\u0219i identificator Google AdSense).<\/span><\/p>\r\n\r\n\r\n\r\n<p class=\"wp-block-paragraph\"><span style=\"font-weight: 400;\">Proprietarul majoritar al companiei New European Media Ltd., <strong>Gianluca Luciano<\/strong>, <\/span><a href=\"https:\/\/www.italexitperlitalia.it\/candidati2022\/lombardia.htm\" target=\"_blank\" rel=\"noopener\"><span style=\"font-weight: 400;\">a candidat \u00een 2022<\/span><\/a><span style=\"font-weight: 400;\"> pentru Senatul Italiei pe listele partidului Italexit. Domeniul web al partidului a fost \u00eenregistrat tot pe numele <\/span><a href=\"https:\/\/rivoluzioneromantica.com\/2020\/07\/27\/paragone-donadel-italexit-video\/\" target=\"_blank\" rel=\"noopener\"><span style=\"font-weight: 400;\">New European Media Ltd<\/span><\/a><span style=\"font-weight: 400;\">. De asemenea, administreaz\u0103 <\/span><a href=\"https:\/\/www.ilparagone.it\/chi-siamo\/\" target=\"_blank\" rel=\"noopener\"><span style=\"font-weight: 400;\">IlParagone.it<\/span><\/a><span style=\"font-weight: 400;\">, un site inclus de <\/span><a href=\"https:\/\/www.idmo.it\/2023\/01\/10\/newsguard-2022\/\" target=\"_blank\" rel=\"noopener\"><span style=\"font-weight: 400;\">NewsGuard<\/span><\/a><span style=\"font-weight: 400;\"> printre publica\u021biile italiene cu cea mai sc\u0103zut\u0103 credibilitate, cunoscut pentru dezinformare repetat\u0103 despre COVID-19 \u0219i vaccinuri.<\/span><\/p>\r\n\r\n\r\n\r\n<p class=\"wp-block-paragraph\"><span style=\"font-weight: 400;\">Cu alte cuvinte, canalele prin care ajunge la rom\u00e2nii din diaspora un mesaj despre iminen\u021ba unui r\u0103zboi cu Rusia sunt parte dintr-o re\u021bea extern\u0103, cu agend\u0103 politic\u0103 proprie \u0219i cu istoric documentat de dezinformare. <strong>E un tipar pe care l-am mai \u00eent\u00e2lnit:<\/strong> \u00een monitoriz\u0103rile noastre din ultimul an am ar\u0103tat \u00een repetate r\u00e2nduri c\u0103 infrastructura care amplific\u0103 aceste mesaje exist\u0103 permanent \u0219i e la dispozi\u021bia oricui e dispus s\u0103 o foloseasc\u0103, reactiv\u00e2ndu-se de fiecare dat\u0103 c\u00e2nd apare o oportunitate de polarizare ori de activare a unor emo\u021bii puternice.<\/span><\/p>\r\n\r\n\r\n\r\n<p class=\"wp-block-paragraph\"><span style=\"font-weight: 400;\"><strong>La toate acestea se adaug\u0103 un fapt notabil:<\/strong> de\u0219i face parte din aceast\u0103 re\u021bea, Ziarul Rom\u00e2nesc Germania este \u00een continuare listat de<\/span><a href=\"https:\/\/munchen.mae.ro\/node\/420\" target=\"_blank\" rel=\"noopener\"> <span style=\"font-weight: 400;\">Consulatul General al Rom\u00e2niei la M\u00fcnchen<\/span><\/a><span style=\"font-weight: 400;\"> pe pagina dedicat\u0103 publica\u021biilor pentru diaspora.<\/span><\/p>\r\n\r\n\r\n\r\n<h3 class=\"wp-block-heading has-white-color has-text-color has-background has-link-color wp-elements-db9756e361c049d5c2d624b66b277593\" style=\"background-color: #3565c4;\"><b>C\u00e2t de departe a ajuns \u0219i c\u00e2t din circula\u021bie este repetitiv\u0103?\u00a0<\/b><\/h3>\r\n\r\n\r\n\r\n<h2 class=\"wp-block-heading\"><b>Cum a decurs subiectul pe Facebook<\/b><\/h2>\r\n\r\n\r\n\r\n<p class=\"wp-block-paragraph\"><span style=\"font-weight: 400;\">Pentru a vedea care au fost reac\u021biile la declara\u021biile Oanei \u021aoiu, am colectat 837 de post\u0103ri diseminate pe Facebook \u00eentre <strong>20 \u0219i 26 august 2026<\/strong>. Dup\u0103 cur\u0103\u021barea datelor, temele relevante pentru aceast\u0103 nara\u021biune sunt: \u201eDeclara\u021bii ale Oanei \u021aoiu despre Rusia\u201d (533 de post\u0103ri), \u201eDeclara\u021bii ale Oanei \u021aoiu despre r\u0103zboi\u201d (93), \u201eIncidentul dronei de la Neptun Deep\u201d (28), \u201eDeclara\u021bii ale Oanei \u021aoiu despre ap\u0103rarea aerian\u0103\u201d (23), \u201eDeclara\u021bii ale Oanei \u021aoiu despre securitate\u201d (11), \u201ePreg\u0103tirea m\u0103surilor \u00eempotriva Rusiei\u201d (9) \u0219i \u201eM\u0103suri ale Rom\u00e2niei \u00eempotriva Rusiei\u201d (8).<\/span><\/p>\r\n\r\n\r\n\r\n<p class=\"wp-block-paragraph\"><span style=\"font-weight: 400;\"><strong>Num\u0103rul mare e \u00eens\u0103 \u00een\u0219el\u0103tor.<\/strong> Dac\u0103 ne uit\u0103m c\u00e2te dintre aceste post\u0103ri con\u021bin de fapt un text original, r\u0103m\u00e2n doar 49. Restul sunt copii: acela\u0219i mesaj, redistribuit iar \u0219i iar. Pare mult\u0103 g\u0103l\u0103gie pe subiect, \u00eens\u0103 sunt pu\u021bine voci distincte ori m\u0103car autentice. \u00cen jurul acestei teme circul\u0103 formule de tipul \u201eanun\u021bul momentului&#8221;, \u00een care evenimentul propriu-zis nici m\u0103car nu e explicat, iar informa\u021bia real\u0103 e \u00eempins\u0103 \u00een primul comentariu. Scopul nu e s\u0103 informeze, ci s\u0103 capteze aten\u021bia \u0219i s\u0103 se r\u0103sp\u00e2ndeasc\u0103 o \u0219tire alarmant\u0103 scoas\u0103 din context.<\/span><\/p>\r\n\r\n\r\n\r\n<p>&nbsp;<\/p>\r\n<p style=\"text-align: center;\"><iframe style=\"border: none;\" src=\"https:\/\/funky.ong\/wp-content\/uploads\/2026\/09\/distributia_postarilor_si_atentia_publica_teme_secundare.html\" width=\"100%\" height=\"800px\" allowfullscreen=\"allowfullscreen\"><\/iframe><\/p>\r\n<p class=\"has-text-align-center\">\u00a0<\/p>\r\n\r\n\r\n\r\n<p class=\"wp-block-paragraph\"><span style=\"font-weight: 400;\">La nivelul temelor legate de Rusia \u0219i securitate, cea mai vizibil\u0103 caracteristic\u0103 a graficului este diferen\u021ba dintre volum \u0219i capacitatea real\u0103 de a atrage aten\u021bia. Tema \u201eDeclara\u021bii ale Oanei \u021aoiu despre Rusia\u201d concentreaz\u0103 cele mai multe post\u0103ri, dar o propor\u021bie cov\u00e2r\u0219itoare este duplicat\u0103: din segmentul cel mai voluminos, doar 49 din 533 de post\u0103ri sunt unice, iar proxy engagement-ul scade de la 124.124 (toate apari\u021biile) la 105.592 (con\u021binut unic). <\/span><\/p>\r\n\r\n\r\n\r\n<p class=\"wp-block-paragraph\"><span style=\"font-weight: 400;\"><strong>Explica\u021bia st\u0103 \u00een tiparul clusterelor:<\/strong> \u00een jurul nucleului despre Rusia circul\u0103 formule repetitive de tip \u201eanun\u021bul momentului\u201d, \u00een care evenimentul propriu-zis r\u0103m\u00e2ne neprecizat, iar informa\u021bia esen\u021bial\u0103 e mutat\u0103 \u00een primul comentariu. Volumul mare reflect\u0103, a\u0219adar, reproducerea acelora\u0219i formule de captare a aten\u021biei, nu o diversitate real\u0103 de informa\u021bii.<\/span><\/p>\r\n\r\n\r\n\r\n<p class=\"wp-block-paragraph\"><span style=\"font-weight: 400;\">O situa\u021bie opus\u0103 apare la temele legate direct de incidente concrete de securitate. \u201eIncidentul dronei de la Neptun Deep\u201d are doar 28 de post\u0103ri, dintre care 23 unice, dar genereaz\u0103 un proxy engagement de 51.490, aproape identic cu cel al con\u021binutului unic (51.376), semn de angajament organic, nu artificial. \u00cen jurul incidentului circul\u0103 afirma\u021bii despre informarea NATO, originea dronei \u0219i responsabilitatea pentru riscurile din Marea Neagr\u0103. Tiparul se repet\u0103 la \u201eDeclara\u021bii despre r\u0103zboi\u201d (93 de apari\u021bii, 77 duplicate, proxy total 49.386) \u0219i la \u201eDeclara\u021bii despre securitate\u201d (doar 11 post\u0103ri, dar 30.432 proxy engagement): textele deplaseaz\u0103 discu\u021bia de la incidentul concret c\u0103tre posibilitatea unui r\u0103spuns rom\u00e2nesc \u00eempotriva Rusiei \u0219i c\u0103tre interpret\u0103ri critice conform c\u0103rora discursul oficial ar reprezenta escaladare sau preg\u0103tire psihologic\u0103 a popula\u021biei pentru r\u0103zboi.<\/span><\/p>\r\n\r\n\r\n\r\n<p class=\"wp-block-paragraph\"><span style=\"font-weight: 400;\">Tiparele discursive de negare sau relativizare a amenin\u021b\u0103rii ruse apar constant \u00een aceste teme, mai ales \u00een cele legate de Rusia \u0219i de incidentul cu drona de la Neptun Deep. Un<\/span><a href=\"https:\/\/www.facebook.com\/permalink.php?story_fbid=pfbid02ZhPJMzowGAKoq5v9Y4aajMMVXieSRo8b2V6xn3Th2SuWetxMc3Pq5EWeNmGtq9cWl&amp;id=100064872396840\" target=\"_blank\" rel=\"noopener\"> <span style=\"font-weight: 400;\">exemplu<\/span><\/a><span style=\"font-weight: 400;\"> afirm\u0103: \u201eNu te amenin\u021b\u0103 nimeni, dar tu anun\u021bi c\u0103 e\u0219ti gata s\u0103 ripostezi militar\u201d, prezent\u00e2nd declara\u021biile privind un posibil r\u0103spuns militar drept o escaladare nejustificat\u0103, \u201eaproape o declara\u021bie de r\u0103zboi&#8221;, nu ca reac\u021bie la o amenin\u021bare existent\u0103. Un alt<\/span><a href=\"https:\/\/www.facebook.com\/permalink.php?story_fbid=pfbid06aKjuzWNTbcmPdXoQ7qFCs7YQEjbJ6WczdHz1H8R2biUreU6MamrLet3U2JnQ8gml&amp;id=100064872396840\" target=\"_blank\" rel=\"noopener\"> <span style=\"font-weight: 400;\">filon<\/span><\/a><span style=\"font-weight: 400;\"> contest\u0103 direct atribuirea dronei c\u0103tre Rusia, numind prezentarea Oanei \u021aoiu \u201efake-news belicos\u201d, iar<\/span><a href=\"https:\/\/www.facebook.com\/picuroman.ro\/posts\/pfbid02U8ZSnup911iWKxtyruzwGELn1uFdkcmuB1BcpWkBR7MUnHUiGfMbwTzu6waTNRGol\" target=\"_blank\" rel=\"noopener\"> <span style=\"font-weight: 400;\">versiuni aproape identice<\/span><\/a><span style=\"font-weight: 400;\"> sus\u021bin c\u0103 unele incidente cu drone sunt reale, dar altele sunt \u201eg\u0103in\u0103rii \u0219i manipulare\u201d, menite s\u0103 preg\u0103teasc\u0103 popula\u021bia psihologic pentru r\u0103zboi. (alte post\u0103ri:<\/span>\u00a0<a href=\"https:\/\/www.facebook.com\/pressonline.ro\/posts\/pfbid02yTqQ855H97xYziTYbzZSEpiLcqaJC6aHDgEBy5QTKqZNA6B3mnMNeWYQSEu7oub9l\" target=\"_blank\" rel=\"noopener\"><span style=\"font-weight: 400;\">1<\/span><\/a><span style=\"font-weight: 400;\">,<\/span> <a href=\"https:\/\/www.facebook.com\/permalink.php?story_fbid=pfbid0iJUbFQr9LpQYL7WSd7MfyX6TZ5sXVT8XuLfn6fH5tJCQr4N1fDoGC3GgioLCZw93l&amp;id=61581735786140\" target=\"_blank\" rel=\"noopener\"><span style=\"font-weight: 400;\">2<\/span><\/a><span style=\"font-weight: 400;\">,<\/span> <a href=\"https:\/\/www.facebook.com\/activenewsro\/posts\/pfbid031ab2PsPxdPZKAmsBrt9pBAoKG7ZyGXdtvXtBs31E8i8TQ5AxhjH4r6yr9kg9Mo7Bl\" target=\"_blank\" rel=\"noopener\"><span style=\"font-weight: 400;\">3<\/span><\/a><span style=\"font-weight: 400;\">)<\/span><\/p>\r\n\r\n\r\n\r\n<p class=\"wp-block-paragraph\"><span style=\"font-weight: 400;\">O relativizare similar\u0103 apare \u00eentr-un<\/span><a href=\"https:\/\/www.facebook.com\/permalink.php?story_fbid=pfbid02MjntArVHBgQ9jTU1Lau3b8S3Gg4DAAhZisRj7kEkRsngsuFpKSdnLJjLuX5X89M1l&amp;id=100064872396840\" target=\"_blank\" rel=\"noopener\"> <span style=\"font-weight: 400;\">text despre drona marin\u0103<\/span><\/a><span style=\"font-weight: 400;\"> de l\u00e2ng\u0103 Neptun Deep, descris\u0103 drept \u201ecampanie mediatic\u0103\u201d f\u0103r\u0103 pericol real, episodul fiind interpretat ca pretext propagandistic pentru a convinge popula\u021bia c\u0103 Rom\u00e2nia ar trebui s\u0103 intre \u00een r\u0103zboi cu Rusia. Un<\/span><a href=\"https:\/\/www.facebook.com\/TiberiuClaudiuBarstan\/posts\/pfbid02n84Ycw2VtgHkR6CDt4vyVy1GcTSacC6dgZz7U84crRRxyq67RsqJjPVDVHJXWs4Zl\" target=\"_blank\" rel=\"noopener\"> <span style=\"font-weight: 400;\">alt filon narativ<\/span><\/a><span style=\"font-weight: 400;\"> pune sub semnul \u00eentreb\u0103rii amenin\u021barea rus\u0103, sus\u021bin\u00e2nd c\u0103 pericolele reale pentru Rom\u00e2nia nu vin din exterior, ci din interior, din ac\u021biunile guvernului \u0219i ale clasei politice, diminu\u00e2nd astfel importan\u021ba incidentelor externe prin raportare la amenin\u021b\u0103rile interne considerate mai grave.<\/span><\/p>\r\n\r\n\r\n\r\n<p class=\"wp-block-paragraph\"><span style=\"font-weight: 400;\">A\u0219adar, situa\u021bia s-a schimbat complet la temele legate de \u00eent\u00e2mpl\u0103ri concrete. \u201eIncidentul dronei de la Neptun Deep&#8221;, de pild\u0103, are doar 28 de post\u0103ri, dar aproape toate sunt originale (23 din 28) \u0219i atrag un interes real, comparabil cu al temei \u201eRusia\u201d, de\u0219i are de zeci de ori mai pu\u021bine post\u0103ri. Aici oamenii chiar discut\u0103: despre ce s-a \u00eent\u00e2mplat, despre cine a fost informat, despre cine poart\u0103 r\u0103spunderea. Acela\u0219i tipar apare la temele \u201er\u0103zboi&#8221; \u0219i \u201esecuritate&#8221;. <\/span><\/p>\r\n\r\n\r\n\r\n<p class=\"wp-block-paragraph\"><span style=\"font-weight: 400;\">Tiparul se inverseaz\u0103 la temele legate de \u00eent\u00e2mpl\u0103ri concrete. Volumul cel mai mare de post\u0103ri apare tocmai la tema cu cele mai pu\u021bine texte originale, \u00een timp ce teme de zeci de ori mai mici, precum incidentul dronei de la Neptun Deep, ating un nivel comparabil de interes real.\u00a0<\/span><\/p>\r\n\r\n\r\n\r\n<h2 class=\"wp-block-heading\"><b>Cum a decurs subiectul pe TikTok<\/b><\/h2>\r\n\r\n\r\n\r\n<p class=\"wp-block-paragraph\"><span style=\"font-weight: 400;\">Am urm\u0103rit \u0219i modul \u00een care s-a reflectat aceast\u0103 nara\u021biune pe TikTok dup\u0103 declara\u021bia Oanei \u021aoiu de la Antena 3 CNN. \u00cen zilele urm\u0103toare am identificat 25 de post\u0103ri, \u00eensum\u00e2nd 432.188 de vizualiz\u0103ri, 12.809 aprecieri, 1.678 de comentarii \u0219i 1.342 de salv\u0103ri.<\/span><\/p>\r\n\r\n\r\n\r\n<p class=\"wp-block-paragraph\"><b>Ce am descoperit?\u00a0<\/b><\/p>\r\n\r\n\r\n\r\n<ul class=\"wp-block-list\">\r\n<li><span style=\"font-weight: 400;\">Mesajul central transform\u0103 declara\u021bia despre un posibil r\u0103spuns militar \u0219i diplomatic pentru ap\u0103rarea teritoriului \u00eentr-o nara\u021biune despre preg\u0103tirea Rom\u00e2niei pentru un conflict direct cu Rusia. Apar formul\u0103ri precum \u201e<\/span><a href=\"https:\/\/www.tiktok.com\/@draculcomunist\/video\/7676781298924408086\" target=\"_blank\" rel=\"noopener\"><span style=\"font-weight: 400;\">Toiu este pregatita s\u0103 raspunda militar fata de Rusia!<\/span><\/a><span style=\"font-weight: 400;\">\u201d sau \u201e<\/span><a href=\"https:\/\/www.tiktok.com\/@aly.georgiana2\/video\/7677654638442614038?_r=1&amp;_t=ZN-99AerBHQokA\" target=\"_blank\" rel=\"noopener\"><span style=\"font-weight: 400;\">Cum raspunde militar Romania, explica ne chioarooo<\/span><\/a><span style=\"font-weight: 400;\">?\u201d.<\/span><\/li>\r\n\r\n\r\n\r\n<li><span style=\"font-weight: 400;\">Textul \u201eDac\u0103 afirma\u021bia ministrului Oana Toiu ar fi fost o gre\u0219eal\u0103, Mucea sau ea \u00eens\u0103\u0219i ie\u0219eau cu o erat\u0103! Dac\u0103 rom\u00e2nii dorm, cine s\u0103-i deranjeze?\u201d apare identic la trei post\u0103ri diferite (<\/span><a href=\"https:\/\/www.tiktok.com\/@delia.2026.7\/video\/7677598579409603873?_r=1&amp;_t=ZN-99CR0OKo0rG\" target=\"_blank\" rel=\"noopener\"><span style=\"font-weight: 400;\">1<\/span><\/a><span style=\"font-weight: 400;\">,<\/span><a href=\"https:\/\/www.tiktok.com\/@sorin.panait57\/video\/7677625822919838998\" target=\"_blank\" rel=\"noopener\"><span style=\"font-weight: 400;\">2<\/span><\/a><span style=\"font-weight: 400;\">,<\/span><a href=\"https:\/\/www.tiktok.com\/@mi.cel.negru\/video\/7677630533685251360?_r=1&amp;_t=ZN-99CR18Z9HoE\" target=\"_blank\" rel=\"noopener\"><span style=\"font-weight: 400;\">3<\/span><\/a><span style=\"font-weight: 400;\">), totaliz\u00e2nd 106.974 de vizualiz\u0103ri, adic\u0103 24,8% din vizibilitatea \u00eentregului e\u0219antion. Fenomenul de reciclare a textului r\u0103m\u00e2ne un indicator relevant de coordonare, dar nu mai reprezint\u0103 majoritatea vizibilit\u0103\u021bii nara\u021biunii, cum sugera e\u0219antionul ini\u021bial mai mic.<\/span><\/li>\r\n\r\n\r\n\r\n<li><span style=\"font-weight: 400;\">Se reg\u0103sesc \u0219i aici <\/span><a href=\"https:\/\/www.tiktok.com\/@stefan.moisa74\/video\/7677665677913705761\" target=\"_blank\" rel=\"noopener\"><span style=\"font-weight: 400;\">atacuri directe la persoan\u0103<\/span><\/a><span style=\"font-weight: 400;\">, de la etichete legate de competen\u021b\u0103 \u0219i afiliere politic\u0103 p\u00e2n\u0103 la insinu\u0103ri despre starea ministrei (&#8222;<\/span><a href=\"https:\/\/www.tiktok.com\/@alexandru.posi\/video\/7677120194958904598?_r=1&amp;_t=ZN-99Aca1W9gSF\" target=\"_blank\" rel=\"noopener\"><span style=\"font-weight: 400;\">Oare ce consum\u0103 doamna?<\/span><\/a><span style=\"font-weight: 400;\">\u201d). Apare \u0219i un tipar de nara\u021biune despre <\/span><a href=\"https:\/\/www.tiktok.com\/@miaflory\/video\/7677861600367234326\" target=\"_blank\" rel=\"noopener\"><span style=\"font-weight: 400;\">cenzur\u0103<\/span><\/a><span style=\"font-weight: 400;\">: o postare sus\u021bine c\u0103 TikTok ar fi restric\u021bionat un con\u021binut similar \u0219i dezinform\u0103ri cu privire la reac\u021bia lui Vladimir Putin c\u00e2nd a aflat despre declara\u021bia Oanei \u021aoiu (<\/span><a href=\"https:\/\/www.tiktok.com\/@vasyshevy\/video\/7676915312872164630?_r=1&amp;_t=ZN-99AcYT37MSU\" target=\"_blank\" rel=\"noopener\"><span style=\"font-weight: 400;\">1<\/span><\/a><span style=\"font-weight: 400;\">,<\/span><a href=\"https:\/\/www.tiktok.com\/@laurentiuneagu6\/video\/7677335579008306464?_r=1&amp;_t=ZN-99AehUEhoeM\" target=\"_blank\" rel=\"noopener\"><span style=\"font-weight: 400;\">2<\/span><\/a><span style=\"font-weight: 400;\">,<\/span><a href=\"https:\/\/www.tiktok.com\/@costachecristian\/video\/7676892039014862113\" target=\"_blank\" rel=\"noopener\"><span style=\"font-weight: 400;\">3<\/span><\/a><span style=\"font-weight: 400;\">).<\/span><\/li>\r\n<\/ul>\r\n\r\n\r\n\r\n<h3 class=\"wp-block-heading has-white-color has-text-color has-background has-link-color wp-elements-2fc3e7565887e6526d36c605860ef823\" style=\"background-color: #3565c4;\"><b>Ce s-a \u00eent\u00e2mplat dup\u0103 ce mesajul a ajuns la public<\/b><\/h3>\r\n\r\n\r\n\r\n<p class=\"wp-block-paragraph\"><span style=\"font-weight: 400;\">Am analizat \u00een total 14.567 de comentarii, distribuite pe cele 4 post\u0103ri publicate de cele 3 pagini din re\u021bea: Ziarul Rom\u00e2nesc Austria (<\/span><a href=\"https:\/\/www.facebook.com\/ziarulaustria\/posts\/pfbid0d7pUeXWCBWo7GfQUeQb7q3dwY2XiwSmEiiGbMiQa5injouNGo5PXDeZsrPsAELV5l\" target=\"_blank\" rel=\"noopener\"><span style=\"font-weight: 400;\">1.955 comentarii<\/span><\/a><span style=\"font-weight: 400;\">), Ziarul Rom\u00e2nesc Germania cu dou\u0103 post\u0103ri separate (<\/span><a href=\"https:\/\/www.facebook.com\/ziarulgermania\/posts\/pfbid02LcozXo9B8RMSBskUtm12ao9z9JsgKvn19cVGrJfe1mK829siBvQfvptnrRxXf31al\" target=\"_blank\" rel=\"noopener\"><span style=\"font-weight: 400;\">7.533<\/span><\/a><span style=\"font-weight: 400;\">and the <\/span><a href=\"https:\/\/www.facebook.com\/reel\/1922404581772857\" target=\"_blank\" rel=\"noopener\"><span style=\"font-weight: 400;\">4.021 comentarii<\/span><\/a><span style=\"font-weight: 400;\">) \u0219i Ziarul Rom\u00e2nesc Spania (<\/span><a href=\"https:\/\/www.facebook.com\/ziarulspania\/posts\/pfbid026qwPt3cgGCM1heaXUfLXunRMS1tyjzVZp4AMTVY91egP5KoeEvojYcSHRSWGnUMUl\" target=\"_blank\" rel=\"noopener\"><span style=\"font-weight: 400;\">1.058<\/span><\/a><span style=\"font-weight: 400;\"> comentarii).<\/span><\/p>\r\n\r\n\r\n\r\n<p class=\"wp-block-paragraph\"><span style=\"font-weight: 400;\">Tonul e aproape uniform: 14.073 de comentarii (96,61%) negative, 451 (3,10%) neutre \u0219i doar 43 (0,30%) pozitive. \u00cen interiorul acestui volum apar, m\u0103surabil, exact cele dou\u0103 reac\u021bii pe care le-a pus \u00een mi\u0219care amplificarea ini\u021bial\u0103.\u00a0<\/span><\/p>\r\n\r\n\r\n\r\n<h2 class=\"wp-block-heading\"><b>Ostilitate personalizat\u0103 fa\u021b\u0103 de Oana \u021aoiu<\/b><\/h2>\r\n\r\n\r\n\r\n<p class=\"wp-block-paragraph\"><span style=\"font-weight: 400;\">\u00cen toate cele patru corpusuri, dezacordul cu declara\u021bia de politic\u0103 extern\u0103 se transform\u0103 frecvent \u00een atac direct la persoan\u0103. Trei categorii revin constant: insulte legate de inteligen\u021b\u0103 \u0219i competen\u021b\u0103 (\u201eproast\u0103\u201d, \u201eidioat\u0103\u201d, \u201eretardat\u0103\u201d, \u201eproasta satului\u201d), atacuri asupra aspectului fizic (\u201echioar\u0103\u201d, \u201eur\u00e2t\u0103\u201d, \u201ecotoroan\u021ba\u201d) \u0219i formul\u0103ri sexualizate sau gen-codate (\u201ecurv\u0103\u201d, \u201emuist\u0103\u201d, \u201enimfoman\u0103\u201d). <\/span><\/p>\r\n\r\n\r\n\r\n<p class=\"wp-block-paragraph\"><span style=\"font-weight: 400;\">La acestea se adaug\u0103 un \u00eendemn aproape identic, reformulat de nenum\u0103rate ori \u00een toate cele patru post\u0103ri, prin care ministra (sau rom\u00e2nii, \u00een general) ar trebui \u201es\u0103 se duc\u0103 la r\u0103zboi&#8221; personal, \u00een locul discu\u021biei despre pozi\u021bia de descurajare a statului. Cel pu\u021bin 10 comentarii dep\u0103\u0219esc pragul retoricii \u0219i devin amenin\u021b\u0103ri explicite de violen\u021b\u0103 (\u201easta trebuie \u00eempu\u0219cat\u0103 urgent\u201d, \u201eNicu a fost impuscat , gunoaiele astea trebuiesc spanzurate in piata revolutiei !!\u201d, \u201eDaca pun mana pe arma , tu vei fi prima pe care am s _ o impusc. Am lucrat la fabrica de muni\u021bie \u0219i armament , a\u0219a c\u0103 \u0219tiu s\u0103 trag cu arma .)\u201d, \u201eabia astept sa-mi de-a pe mana un AKM ! primii pe care ii impusc sunt pesedeii, peneleii, usereii, udemereii; scap tara\u2026.\u201d, etc)<\/span><\/p>\r\n\r\n\r\n\r\n<h2 class=\"wp-block-heading\"><b>Nara\u021biune favorabil\u0103 Rusiei \u0219i de relativizare a amenin\u021b\u0103rii<\/b><\/h2>\r\n\r\n\r\n\r\n<p class=\"wp-block-paragraph\"><span style=\"font-weight: 400;\">Referirile explicite la Rusia, ru\u0219i, Vladimir Putin sau Kremlin \u00eensumeaz\u0103 1.632 de comentarii, adic\u0103 11,20% din totalul analizat. Discursul urmeaz\u0103 dou\u0103 tipare principale, prezente \u00een toate cele patru post\u0103ri:<\/span><\/p>\r\n\r\n\r\n\r\n<ul class=\"wp-block-list\">\r\n<li><b>Negarea sau relativizarea amenin\u021b\u0103rii ruse<\/b><span style=\"font-weight: 400;\">, de la formul\u0103ri generale (\u201eRusia nu ne-a f\u0103cut nimic\u201d, \u201en-are treab\u0103 cu noi\u201d), p\u00e2n\u0103 la pozi\u021bion\u0103ri explicit favorabile Rusiei sau lui Putin (\u201enoi suntem cu Rusia\u201d, \u201eNoroc c\u0103 este Putin pre\u0219edinte\u201d), inclusiv cazuri \u00een care Rusia este prezentat\u0103 ca eliberator (\u201ePopula\u021bia \u00eei va primi ca salvatori \u0219i eliberatori\u201d).<\/span><\/li>\r\n\r\n\r\n\r\n<li><b>Supraevaluarea puterii militare ruse<\/b><span style=\"font-weight: 400;\">, folosit\u0103 pentru a delegitima orice idee de ap\u0103rare sau descurajare (\u201eRusia \u00een patru ore e la Bucure\u0219ti\u201d, \u201eRusia \u00een 5 minute \u0219terge toat\u0103 Rom\u00e2nia&#8221;, \u201enu po\u021bi s\u0103 te compari cu Rusia militar\u201d).<\/span><\/li>\r\n<\/ul>\r\n\r\n\r\n\r\n<h2 class=\"wp-block-heading\"><b>Transferul responsabilit\u0103\u021bii c\u0103tre Ucraina, UE \u0219i NATO<\/b><\/h2>\r\n\r\n\r\n\r\n<p class=\"wp-block-paragraph\"><span style=\"font-weight: 400;\">\u00cen toate cele patru corpusuri apare un discurs care mut\u0103 vina pentru escaladare dinspre Rusia c\u0103tre al\u021bi actori. Ucraina este acuzat\u0103 direct de provocare (dronele descrise ca \u201eghidate de Ucraina\u201d, armata ucrainean\u0103 numit\u0103 \u201enazist\u0103\u201d), iar UE \u0219i NATO sunt prezentate fie ca instigatori ai conflictului (\u201eUE vrea s\u0103 continue r\u0103zboiul\u201d, \u201eNATO vrea s\u0103 atace Rusia\u201d), fie ca putere care d\u0103 \u201eordine de la Bruxelles\u201d politicienilor rom\u00e2ni.<\/span><\/p>\r\n\r\n\r\n\r\n<p class=\"has-white-color has-text-color has-background has-link-color wp-elements-16771b4f3039ebb7bb94d22ea7a5a533 wp-block-paragraph\" style=\"background-color: #3565c4;\"><b>Cu alte cuvinte, amplificarea ini\u021bial\u0103 nu a r\u0103mas la nivelul distribuirii unui titlu \u00een\u0219el\u0103tor. Odat\u0103 ajuns\u0103 \u00een fa\u021ba publicului, reformularea \u201eRom\u00e2nia este gata s\u0103 r\u0103spund\u0103 militar Rusiei\u201d a devenit cadrul prin care mii de utilizatori au discutat despre declara\u021bie: nu ca despre descurajare \u0219i ap\u0103rarea teritoriului, ci despre perspectiva unui r\u0103zboi provocat de Ucraina, UE sau NATO.\u00a0<\/b><\/p>\r\n\r\n\r\n\r\n<h3 class=\"wp-block-heading has-white-color has-text-color has-background has-link-color wp-elements-bc488ef1c62f1debf323dfeffa9b2532\" style=\"background-color: #ef2d00;\"><b>Metodologie<\/b><b><\/b><\/h3>\r\n\r\n\r\n\r\n<ul class=\"wp-block-list\">\r\n<li><b>Analiza tematic\u0103<\/b><\/li>\r\n<\/ul>\r\n\r\n\r\n\r\n<p class=\"wp-block-paragraph\"><span style=\"font-weight: 400;\">Corpus analizat: 837 de post\u0103ri Facebook, perioada 20\u201326 august 2026. Dup\u0103 cur\u0103\u021barea datelor, 744 de post\u0103ri au fost analizate tematic \u0219i \u00eencadrate \u00een 13 clustere tematice. Analiza tematic\u0103 a folosit un model de Machine Learning pentru gruparea textelor similare, interpretat printr-un sistem hibrid Human-In-The-Loop bazat pe NLP \u0219i RAG.<\/span><\/p>\r\n\r\n\r\n\r\n<p class=\"wp-block-paragraph\"><span style=\"font-weight: 400;\">Scorul de proxy engagement a fost calculat folosind formula <\/span><b>2 \u00d7 aprecieri + 4 \u00d7 comentarii + 6 \u00d7 distribuiri<\/b><span style=\"font-weight: 400;\">, ca indicator al aten\u021biei publice generate de fiecare postare. Pentru a estima aten\u021bia acordat\u0103 unei teme \u00een ansamblu, am \u00eensumat apoi scorurile tuturor post\u0103rilor individuale incluse \u00een grupul tematic respectiv.<\/span><\/p>\r\n\r\n\r\n\r\n<ul class=\"wp-block-list\">\r\n<li><b>Analiza sentimentului<\/b><\/li>\r\n<\/ul>\r\n\r\n\r\n\r\n<p class=\"wp-block-paragraph\"><span style=\"font-weight: 400;\">Cele patru post\u0103ri analizate cumulau, potrivit valorilor afi\u0219ate de Facebook \u0219i la momentul extragerii datelor, 17.641 de comentarii. Dintre acestea, au putut fi extrase \u0219i analizate 14.567 de comentarii, reprezent\u00e2nd aproximativ 82,57% din totalul afi\u0219at de platform\u0103. Analiza prezentat\u0103 \u00een continuare se refer\u0103 exclusiv la comentariile efectiv extrase. Fiecare comentariu a fost analizat independent, exclusiv pe baza con\u021binutului coloanei de text. Clasificarea ini\u021bial\u0103 a fost realizat\u0103 printr-o metod\u0103 de machine learning supravegheat, bazat\u0103 pe reprezent\u0103ri TF-IDF \u0219i un clasificator antrenat pe corpusul rom\u00e2nesc LaRoSeDa. Rezultatele au fost ulterior revizuite manual.<\/span><\/p>\r\n\r\n\r\n\r\n<p class=\"wp-block-paragraph\"><span style=\"font-weight: 400;\">Separat de analiza sentimentului, comentariile au fost analizate calitativ pentru identificarea formelor de ostilitate personalizat\u0103 \u0219i a nara\u021biunilor recurente privind Rusia, Ucraina, UE \u0219i NATO. Men\u021bionarea Rusiei sau exprimarea opozi\u021biei fa\u021b\u0103 de r\u0103zboi nu a fost interpretat\u0103 automat drept pozi\u021bionare pro-rus\u0103. Au fost urm\u0103rite distinct formul\u0103rile care exprim\u0103 sus\u021binere explicit\u0103 pentru Rusia sau Vladimir Putin, relativizeaz\u0103 ori neag\u0103 amenin\u021barea rus\u0103 sau transfer\u0103 responsabilitatea pentru escaladare c\u0103tre Ucraina, Rom\u00e2nia, UE sau NATO.<\/span><\/p>\r\n\r\n\r\n\r\n<p class=\"has-black-color has-cyan-bluish-gray-background-color has-text-color has-background has-link-color wp-elements-4dbbce8b945f925e0d52cb11c72ffd12 wp-block-paragraph\"><b>Autori: <\/b><span style=\"font-weight: 400;\">A ajutat la documentarea subiectului Anca Badea.\u00a0<\/span><\/p>\r\n\r\n\r\n<hr class=\"wp-block-separator has-alpha-channel-opacity\" \/>\r\n\r\n\r\n<p class=\"wp-block-paragraph\"><b>Materialul este finan\u021bat prin Programul Tech Accountability Grants 2026 al European Fact-Checking Standards Network (EFCSN), \u00een cadrul grantului CERV (nr. 101236606) acordat de EACEA.<\/b><\/p>\r\n\r\n\r\n\r\n<p class=\"wp-block-paragraph\"><i><span style=\"font-weight: 400;\">Punctele de vedere \u0219i opiniile exprimate \u00een cadrul acestui material apar\u021bin exclusiv autorilor \u0219i nu reflect\u0103 neap\u0103rat pozi\u021bia Uniunii Europene sau a Agen\u021biei Executive Europene pentru Educa\u021bie \u0219i Cultur\u0103 (EACEA). Nici Uniunea European\u0103 \u0219i nici autoritatea finan\u021batoare nu pot fi considerate responsabile pentru acestea.<\/span><\/i><\/p>\r\n\r\n\r\n<div class=\"wp-block-image\">\r\n<figure class=\"aligncenter is-resized\"><a href=\"https:\/\/funky.ong\/en\/cum-a-fost-amplificata-coordonat-criza-guvernamentala-pe-facebook\/flag_2colors-eps\/\" rel=\"attachment wp-att-22709\"><img width=\"600\" height=\"126\" class=\"wp-image-22709\" style=\"aspect-ratio: 4.763023893458676; width: 372px; height: auto;\" src=\"https:\/\/funky.ong\/wp-content\/uploads\/2026\/07\/funded-by-eu-600x126.jpg\" alt=\"\" srcset=\"https:\/\/funky.ong\/wp-content\/uploads\/2026\/07\/funded-by-eu-600x126.jpg 600w, https:\/\/funky.ong\/wp-content\/uploads\/2026\/07\/funded-by-eu-300x63.jpg 300w, https:\/\/funky.ong\/wp-content\/uploads\/2026\/07\/funded-by-eu-768x161.jpg 768w, https:\/\/funky.ong\/wp-content\/uploads\/2026\/07\/funded-by-eu-18x4.jpg 18w, https:\/\/funky.ong\/wp-content\/uploads\/2026\/07\/funded-by-eu.jpg 1100w\" sizes=\"(max-width: 600px) 100vw, 600px\" \/><\/a><\/figure>\r\n<\/div>\r\n\r\n\r\n<p class=\"wp-block-paragraph\">&nbsp;<\/p>","protected":false},"excerpt":{"rendered":"<p>\u201eRom\u00e2nia este preg\u0103tit\u0103 s\u0103 r\u0103spund\u0103 militar Rusiei\u201d &nbsp; Pe 21 august 2026, ministra de externe Oana \u021aoiu a fost invitat\u0103 la Antena 3 CNN, unde a vorbit despre incidentele recente cu drone \u00een apropierea M\u0103rii Negre. \u00centrebat\u0103 cum reac\u021bioneaz\u0103 Rom\u00e2nia, a spus c\u0103 \u021bara e preg\u0103tit\u0103 s\u0103 r\u0103spund\u0103 \u201eat\u00e2t militar, c\u00e2t \u0219i diplomatic&#8221; pentru a-\u0219i ap\u0103ra cet\u0103\u021benii \u0219i teritoriul. Dou\u0103 zile mai t\u00e2rziu, pe 23 august, trei pagini de Facebook pentru rom\u00e2nii din diaspora au preluat declara\u021bia \u0219i au t\u0103iat-o p\u00e2n\u0103 la o singur\u0103 fraz\u0103: \u201eRom\u00e2nia este preg\u0103tit\u0103 s\u0103 r\u0103spund\u0103 militar Rusiei&#8221;. F\u0103r\u0103 \u201ediplomatic&#8221;, f\u0103r\u0103 contextul ap\u0103r\u0103rii, \u00eenso\u021bit\u0103 de imagini cu explozii \u0219i fl\u0103c\u0103ri. Sensul s-a inversat: dintr-o pozi\u021bie de descurajare, mesajul a devenit anun\u021bul unui r\u0103zboi iminent.\u00a0 &nbsp; Raport (format PDF) &nbsp; De acolo, fraza s-a r\u0103sp\u00e2ndit rapid&#8230;<\/p>","protected":false},"author":879147,"featured_media":31239,"comment_status":"closed","ping_status":"closed","sticky":false,"template":"","format":"standard","meta":{"footnotes":""},"categories":[604],"tags":[667,543],"ppma_author":[653,657,658],"class_list":["post-31238","post","type-post","status-publish","format-standard","has-post-thumbnail","category-combaterea-dezinformarii-categorie","tag-retele-de-coordonare","tag-social-media","author-matei-vrabie","author-calin-georgia","author-anca-badea"],"yoast_head":"<!-- This site is optimized with the Yoast SEO plugin v28.2 - https:\/\/yoast.com\/product\/yoast-seo-wordpress\/ -->\n<title>Alarm\u0103 fals\u0103 de r\u0103zboi: mecanismul de amplificare - Funky Citizens<\/title>\n<meta name=\"description\" content=\"Cum o re\u021bea coordonat\u0103 a transformat o declara\u021bie defensiv\u0103 \u00eentr-o alarm\u0103 fals\u0103 de r\u0103zboi: \u201eRom\u00e2nia este preg\u0103tit\u0103 s\u0103...\u201d\" \/>\n<meta name=\"robots\" content=\"index, follow, max-snippet:-1, max-image-preview:large, max-video-preview:-1\" \/>\n<link rel=\"canonical\" href=\"https:\/\/funky.ong\/en\/cum-o-retea-coordonata-a-transformat-o-declaratie-defensiva-intr-o-alarma-falsa-de-razboi\/\" \/>\n<meta property=\"og:locale\" content=\"en_GB\" \/>\n<meta property=\"og:type\" content=\"article\" \/>\n<meta property=\"og:title\" content=\"Alarm\u0103 fals\u0103 de r\u0103zboi: mecanismul de amplificare - Funky Citizens\" \/>\n<meta property=\"og:description\" content=\"Cum o re\u021bea coordonat\u0103 a transformat o declara\u021bie defensiv\u0103 \u00eentr-o alarm\u0103 fals\u0103 de r\u0103zboi: \u201eRom\u00e2nia este preg\u0103tit\u0103 s\u0103...\u201d\" \/>\n<meta property=\"og:url\" content=\"https:\/\/funky.ong\/en\/cum-o-retea-coordonata-a-transformat-o-declaratie-defensiva-intr-o-alarma-falsa-de-razboi\/\" \/>\n<meta property=\"og:site_name\" content=\"Funky Citizens\" \/>\n<meta property=\"article:published_time\" content=\"2026-09-01T09:38:50+00:00\" \/>\n<meta property=\"article:modified_time\" content=\"2026-09-01T09:40:45+00:00\" \/>\n<meta property=\"og:image\" content=\"https:\/\/funky.ong\/wp-content\/uploads\/2026\/09\/funky-citizens-raport-alarma-falsa-razboi-oana-toiu.jpg\" \/>\n\t<meta property=\"og:image:width\" content=\"1200\" \/>\n\t<meta property=\"og:image:height\" content=\"900\" \/>\n\t<meta property=\"og:image:type\" content=\"image\/jpeg\" \/>\n<meta name=\"author\" content=\"Matei Vrabie, C\u0103lin Georgia, Anca Badea\" \/>\n<meta name=\"twitter:card\" content=\"summary_large_image\" \/>\n<meta name=\"twitter:label1\" content=\"Written by\" \/>\n\t<meta name=\"twitter:data1\" content=\"Matei Vrabie\" \/>\n\t<meta name=\"twitter:label2\" content=\"Estimated reading time\" \/>\n\t<meta name=\"twitter:data2\" content=\"14 minutes\" \/>\n<script type=\"application\/ld+json\" class=\"yoast-schema-graph\">{\"@context\":\"https:\\\/\\\/schema.org\",\"@graph\":[{\"@type\":\"Article\",\"@id\":\"https:\\\/\\\/funky.ong\\\/cum-o-retea-coordonata-a-transformat-o-declaratie-defensiva-intr-o-alarma-falsa-de-razboi\\\/#article\",\"isPartOf\":{\"@id\":\"https:\\\/\\\/funky.ong\\\/cum-o-retea-coordonata-a-transformat-o-declaratie-defensiva-intr-o-alarma-falsa-de-razboi\\\/\"},\"author\":{\"name\":\"Matei Vrabie\",\"@id\":\"https:\\\/\\\/funky.ong\\\/#\\\/schema\\\/person\\\/0a41392c5a581f5297c6d60ecd74ee67\"},\"headline\":\"Cum o re\u021bea coordonat\u0103 a transformat o declara\u021bie defensiv\u0103 \u00eentr-o alarm\u0103 fals\u0103 de r\u0103zboi\",\"datePublished\":\"2026-09-01T09:38:50+00:00\",\"dateModified\":\"2026-09-01T09:40:45+00:00\",\"mainEntityOfPage\":{\"@id\":\"https:\\\/\\\/funky.ong\\\/cum-o-retea-coordonata-a-transformat-o-declaratie-defensiva-intr-o-alarma-falsa-de-razboi\\\/\"},\"wordCount\":3227,\"image\":{\"@id\":\"https:\\\/\\\/funky.ong\\\/cum-o-retea-coordonata-a-transformat-o-declaratie-defensiva-intr-o-alarma-falsa-de-razboi\\\/#primaryimage\"},\"thumbnailUrl\":\"https:\\\/\\\/funky.ong\\\/wp-content\\\/uploads\\\/2026\\\/09\\\/funky-citizens-raport-alarma-falsa-razboi-oana-toiu.jpg\",\"keywords\":[\"retele de coordonare\",\"social media\"],\"articleSection\":[\"Combaterea Dezinform\u0103rii\"],\"inLanguage\":\"en-GB\"},{\"@type\":\"WebPage\",\"@id\":\"https:\\\/\\\/funky.ong\\\/cum-o-retea-coordonata-a-transformat-o-declaratie-defensiva-intr-o-alarma-falsa-de-razboi\\\/\",\"url\":\"https:\\\/\\\/funky.ong\\\/cum-o-retea-coordonata-a-transformat-o-declaratie-defensiva-intr-o-alarma-falsa-de-razboi\\\/\",\"name\":\"Alarm\u0103 fals\u0103 de r\u0103zboi: mecanismul de amplificare - Funky Citizens\",\"isPartOf\":{\"@id\":\"https:\\\/\\\/funky.ong\\\/#website\"},\"primaryImageOfPage\":{\"@id\":\"https:\\\/\\\/funky.ong\\\/cum-o-retea-coordonata-a-transformat-o-declaratie-defensiva-intr-o-alarma-falsa-de-razboi\\\/#primaryimage\"},\"image\":{\"@id\":\"https:\\\/\\\/funky.ong\\\/cum-o-retea-coordonata-a-transformat-o-declaratie-defensiva-intr-o-alarma-falsa-de-razboi\\\/#primaryimage\"},\"thumbnailUrl\":\"https:\\\/\\\/funky.ong\\\/wp-content\\\/uploads\\\/2026\\\/09\\\/funky-citizens-raport-alarma-falsa-razboi-oana-toiu.jpg\",\"datePublished\":\"2026-09-01T09:38:50+00:00\",\"dateModified\":\"2026-09-01T09:40:45+00:00\",\"author\":{\"@id\":\"https:\\\/\\\/funky.ong\\\/#\\\/schema\\\/person\\\/0a41392c5a581f5297c6d60ecd74ee67\"},\"description\":\"Cum o re\u021bea coordonat\u0103 a transformat o declara\u021bie defensiv\u0103 \u00eentr-o alarm\u0103 fals\u0103 de r\u0103zboi: \u201eRom\u00e2nia este preg\u0103tit\u0103 s\u0103...\u201d\",\"breadcrumb\":{\"@id\":\"https:\\\/\\\/funky.ong\\\/cum-o-retea-coordonata-a-transformat-o-declaratie-defensiva-intr-o-alarma-falsa-de-razboi\\\/#breadcrumb\"},\"inLanguage\":\"en-GB\",\"potentialAction\":[{\"@type\":\"ReadAction\",\"target\":[\"https:\\\/\\\/funky.ong\\\/cum-o-retea-coordonata-a-transformat-o-declaratie-defensiva-intr-o-alarma-falsa-de-razboi\\\/\"]}]},{\"@type\":\"ImageObject\",\"inLanguage\":\"en-GB\",\"@id\":\"https:\\\/\\\/funky.ong\\\/cum-o-retea-coordonata-a-transformat-o-declaratie-defensiva-intr-o-alarma-falsa-de-razboi\\\/#primaryimage\",\"url\":\"https:\\\/\\\/funky.ong\\\/wp-content\\\/uploads\\\/2026\\\/09\\\/funky-citizens-raport-alarma-falsa-razboi-oana-toiu.jpg\",\"contentUrl\":\"https:\\\/\\\/funky.ong\\\/wp-content\\\/uploads\\\/2026\\\/09\\\/funky-citizens-raport-alarma-falsa-razboi-oana-toiu.jpg\",\"width\":1200,\"height\":900,\"caption\":\"alarm\u0103 fals\u0103 de r\u0103zboi\"},{\"@type\":\"BreadcrumbList\",\"@id\":\"https:\\\/\\\/funky.ong\\\/cum-o-retea-coordonata-a-transformat-o-declaratie-defensiva-intr-o-alarma-falsa-de-razboi\\\/#breadcrumb\",\"itemListElement\":[{\"@type\":\"ListItem\",\"position\":1,\"name\":\"Home\",\"item\":\"https:\\\/\\\/funky.ong\\\/\"},{\"@type\":\"ListItem\",\"position\":2,\"name\":\"Cum o re\u021bea coordonat\u0103 a transformat o declara\u021bie defensiv\u0103 \u00eentr-o alarm\u0103 fals\u0103 de r\u0103zboi\"}]},{\"@type\":\"WebSite\",\"@id\":\"https:\\\/\\\/funky.ong\\\/#website\",\"url\":\"https:\\\/\\\/funky.ong\\\/\",\"name\":\"Funky Citizens\",\"description\":\"lupt\u0103m cu apatia civic\u0103\",\"potentialAction\":[{\"@type\":\"SearchAction\",\"target\":{\"@type\":\"EntryPoint\",\"urlTemplate\":\"https:\\\/\\\/funky.ong\\\/?s={search_term_string}\"},\"query-input\":{\"@type\":\"PropertyValueSpecification\",\"valueRequired\":true,\"valueName\":\"search_term_string\"}}],\"inLanguage\":\"en-GB\"},{\"@type\":\"Person\",\"@id\":\"https:\\\/\\\/funky.ong\\\/#\\\/schema\\\/person\\\/0a41392c5a581f5297c6d60ecd74ee67\",\"name\":\"Matei Vrabie\",\"image\":{\"@type\":\"ImageObject\",\"inLanguage\":\"en-GB\",\"@id\":\"https:\\\/\\\/secure.gravatar.com\\\/avatar\\\/bdfb18d91003d6e4830c150428080ef3ec5b8ce409e9ce36ad26b0c63b6847b1?s=96&d=mm&r=g4d4b1906f549f908cb963ffcd030e7b8\",\"url\":\"https:\\\/\\\/secure.gravatar.com\\\/avatar\\\/bdfb18d91003d6e4830c150428080ef3ec5b8ce409e9ce36ad26b0c63b6847b1?s=96&d=mm&r=g\",\"contentUrl\":\"https:\\\/\\\/secure.gravatar.com\\\/avatar\\\/bdfb18d91003d6e4830c150428080ef3ec5b8ce409e9ce36ad26b0c63b6847b1?s=96&d=mm&r=g\",\"caption\":\"Matei Vrabie\"},\"url\":\"https:\\\/\\\/funky.ong\\\/en\\\/author\\\/matei-vrabie\\\/\"}]}<\/script>\n<!-- \/ Yoast SEO plugin. -->","yoast_head_json":{"title":"Alarm\u0103 fals\u0103 de r\u0103zboi: mecanismul de amplificare - Funky Citizens","description":"Cum o re\u021bea coordonat\u0103 a transformat o declara\u021bie defensiv\u0103 \u00eentr-o alarm\u0103 fals\u0103 de r\u0103zboi: \u201eRom\u00e2nia este preg\u0103tit\u0103 s\u0103...\u201d","robots":{"index":"index","follow":"follow","max-snippet":"max-snippet:-1","max-image-preview":"max-image-preview:large","max-video-preview":"max-video-preview:-1"},"canonical":"https:\/\/funky.ong\/en\/cum-o-retea-coordonata-a-transformat-o-declaratie-defensiva-intr-o-alarma-falsa-de-razboi\/","og_locale":"en_GB","og_type":"article","og_title":"Alarm\u0103 fals\u0103 de r\u0103zboi: mecanismul de amplificare - Funky Citizens","og_description":"Cum o re\u021bea coordonat\u0103 a transformat o declara\u021bie defensiv\u0103 \u00eentr-o alarm\u0103 fals\u0103 de r\u0103zboi: \u201eRom\u00e2nia este preg\u0103tit\u0103 s\u0103...\u201d","og_url":"https:\/\/funky.ong\/en\/cum-o-retea-coordonata-a-transformat-o-declaratie-defensiva-intr-o-alarma-falsa-de-razboi\/","og_site_name":"Funky Citizens","article_published_time":"2026-09-01T09:38:50+00:00","article_modified_time":"2026-09-01T09:40:45+00:00","og_image":[{"width":1200,"height":900,"url":"https:\/\/funky.ong\/wp-content\/uploads\/2026\/09\/funky-citizens-raport-alarma-falsa-razboi-oana-toiu.jpg","type":"image\/jpeg"}],"author":"Matei Vrabie, C\u0103lin Georgia, Anca Badea","twitter_card":"summary_large_image","twitter_misc":{"Written by":"Matei Vrabie","Estimated reading time":"14 minutes"},"schema":{"@context":"https:\/\/schema.org","@graph":[{"@type":"Article","@id":"https:\/\/funky.ong\/cum-o-retea-coordonata-a-transformat-o-declaratie-defensiva-intr-o-alarma-falsa-de-razboi\/#article","isPartOf":{"@id":"https:\/\/funky.ong\/cum-o-retea-coordonata-a-transformat-o-declaratie-defensiva-intr-o-alarma-falsa-de-razboi\/"},"author":{"name":"Matei Vrabie","@id":"https:\/\/funky.ong\/#\/schema\/person\/0a41392c5a581f5297c6d60ecd74ee67"},"headline":"Cum o re\u021bea coordonat\u0103 a transformat o declara\u021bie defensiv\u0103 \u00eentr-o alarm\u0103 fals\u0103 de r\u0103zboi","datePublished":"2026-09-01T09:38:50+00:00","dateModified":"2026-09-01T09:40:45+00:00","mainEntityOfPage":{"@id":"https:\/\/funky.ong\/cum-o-retea-coordonata-a-transformat-o-declaratie-defensiva-intr-o-alarma-falsa-de-razboi\/"},"wordCount":3227,"image":{"@id":"https:\/\/funky.ong\/cum-o-retea-coordonata-a-transformat-o-declaratie-defensiva-intr-o-alarma-falsa-de-razboi\/#primaryimage"},"thumbnailUrl":"https:\/\/funky.ong\/wp-content\/uploads\/2026\/09\/funky-citizens-raport-alarma-falsa-razboi-oana-toiu.jpg","keywords":["retele de coordonare","social media"],"articleSection":["Combaterea Dezinform\u0103rii"],"inLanguage":"en-GB"},{"@type":"WebPage","@id":"https:\/\/funky.ong\/cum-o-retea-coordonata-a-transformat-o-declaratie-defensiva-intr-o-alarma-falsa-de-razboi\/","url":"https:\/\/funky.ong\/cum-o-retea-coordonata-a-transformat-o-declaratie-defensiva-intr-o-alarma-falsa-de-razboi\/","name":"Alarm\u0103 fals\u0103 de r\u0103zboi: mecanismul de amplificare - Funky Citizens","isPartOf":{"@id":"https:\/\/funky.ong\/#website"},"primaryImageOfPage":{"@id":"https:\/\/funky.ong\/cum-o-retea-coordonata-a-transformat-o-declaratie-defensiva-intr-o-alarma-falsa-de-razboi\/#primaryimage"},"image":{"@id":"https:\/\/funky.ong\/cum-o-retea-coordonata-a-transformat-o-declaratie-defensiva-intr-o-alarma-falsa-de-razboi\/#primaryimage"},"thumbnailUrl":"https:\/\/funky.ong\/wp-content\/uploads\/2026\/09\/funky-citizens-raport-alarma-falsa-razboi-oana-toiu.jpg","datePublished":"2026-09-01T09:38:50+00:00","dateModified":"2026-09-01T09:40:45+00:00","author":{"@id":"https:\/\/funky.ong\/#\/schema\/person\/0a41392c5a581f5297c6d60ecd74ee67"},"description":"Cum o re\u021bea coordonat\u0103 a transformat o declara\u021bie defensiv\u0103 \u00eentr-o alarm\u0103 fals\u0103 de r\u0103zboi: \u201eRom\u00e2nia este preg\u0103tit\u0103 s\u0103...\u201d","breadcrumb":{"@id":"https:\/\/funky.ong\/cum-o-retea-coordonata-a-transformat-o-declaratie-defensiva-intr-o-alarma-falsa-de-razboi\/#breadcrumb"},"inLanguage":"en-GB","potentialAction":[{"@type":"ReadAction","target":["https:\/\/funky.ong\/cum-o-retea-coordonata-a-transformat-o-declaratie-defensiva-intr-o-alarma-falsa-de-razboi\/"]}]},{"@type":"ImageObject","inLanguage":"en-GB","@id":"https:\/\/funky.ong\/cum-o-retea-coordonata-a-transformat-o-declaratie-defensiva-intr-o-alarma-falsa-de-razboi\/#primaryimage","url":"https:\/\/funky.ong\/wp-content\/uploads\/2026\/09\/funky-citizens-raport-alarma-falsa-razboi-oana-toiu.jpg","contentUrl":"https:\/\/funky.ong\/wp-content\/uploads\/2026\/09\/funky-citizens-raport-alarma-falsa-razboi-oana-toiu.jpg","width":1200,"height":900,"caption":"alarm\u0103 fals\u0103 de r\u0103zboi"},{"@type":"BreadcrumbList","@id":"https:\/\/funky.ong\/cum-o-retea-coordonata-a-transformat-o-declaratie-defensiva-intr-o-alarma-falsa-de-razboi\/#breadcrumb","itemListElement":[{"@type":"ListItem","position":1,"name":"Home","item":"https:\/\/funky.ong\/"},{"@type":"ListItem","position":2,"name":"Cum o re\u021bea coordonat\u0103 a transformat o declara\u021bie defensiv\u0103 \u00eentr-o alarm\u0103 fals\u0103 de r\u0103zboi"}]},{"@type":"WebSite","@id":"https:\/\/funky.ong\/#website","url":"https:\/\/funky.ong\/","name":"Funky Citizens","description":"lupt\u0103m cu apatia civic\u0103","potentialAction":[{"@type":"SearchAction","target":{"@type":"EntryPoint","urlTemplate":"https:\/\/funky.ong\/?s={search_term_string}"},"query-input":{"@type":"PropertyValueSpecification","valueRequired":true,"valueName":"search_term_string"}}],"inLanguage":"en-GB"},{"@type":"Person","@id":"https:\/\/funky.ong\/#\/schema\/person\/0a41392c5a581f5297c6d60ecd74ee67","name":"Matei Vrabie","image":{"@type":"ImageObject","inLanguage":"en-GB","@id":"https:\/\/secure.gravatar.com\/avatar\/bdfb18d91003d6e4830c150428080ef3ec5b8ce409e9ce36ad26b0c63b6847b1?s=96&d=mm&r=g4d4b1906f549f908cb963ffcd030e7b8","url":"https:\/\/secure.gravatar.com\/avatar\/bdfb18d91003d6e4830c150428080ef3ec5b8ce409e9ce36ad26b0c63b6847b1?s=96&d=mm&r=g","contentUrl":"https:\/\/secure.gravatar.com\/avatar\/bdfb18d91003d6e4830c150428080ef3ec5b8ce409e9ce36ad26b0c63b6847b1?s=96&d=mm&r=g","caption":"Matei Vrabie"},"url":"https:\/\/funky.ong\/en\/author\/matei-vrabie\/"}]}},"authors":[{"term_id":653,"user_id":879147,"is_guest":0,"slug":"matei-vrabie","display_name":"Matei Vrabie","avatar_url":"https:\/\/secure.gravatar.com\/avatar\/bdfb18d91003d6e4830c150428080ef3ec5b8ce409e9ce36ad26b0c63b6847b1?s=96&d=mm&r=g","author_category":"","first_name":"Matei","last_name":"Vrabie","user_url":"","job_title":"","description":""},{"term_id":657,"user_id":879152,"is_guest":0,"slug":"calin-georgia","display_name":"C\u0103lin Georgia","avatar_url":"https:\/\/secure.gravatar.com\/avatar\/3ff1a2cd80a49746afdaf1eca1a81e49d244f0eb60ebaa059df1962ac9309664?s=96&d=mm&r=g","author_category":"","first_name":"C\u0103lin","last_name":"Georgia","user_url":"","job_title":"","description":""},{"term_id":658,"user_id":879153,"is_guest":0,"slug":"anca-badea","display_name":"Anca Badea","avatar_url":"https:\/\/secure.gravatar.com\/avatar\/520d5af753aad41196d987e1b1e7adaab63f9443d140d9f5eb21f9e1d70d9e15?s=96&d=mm&r=g","author_category":"","first_name":"Anca","last_name":"Badea","user_url":"","job_title":"","description":""}],"menu_order":0,"_links":{"self":[{"href":"https:\/\/funky.ong\/en\/wp-json\/wp\/v2\/posts\/31238","targetHints":{"allow":["GET"]}}],"collection":[{"href":"https:\/\/funky.ong\/en\/wp-json\/wp\/v2\/posts"}],"about":[{"href":"https:\/\/funky.ong\/en\/wp-json\/wp\/v2\/types\/post"}],"author":[{"embeddable":true,"href":"https:\/\/funky.ong\/en\/wp-json\/wp\/v2\/users\/879147"}],"replies":[{"embeddable":true,"href":"https:\/\/funky.ong\/en\/wp-json\/wp\/v2\/comments?post=31238"}],"version-history":[{"count":10,"href":"https:\/\/funky.ong\/en\/wp-json\/wp\/v2\/posts\/31238\/revisions"}],"predecessor-version":[{"id":31254,"href":"https:\/\/funky.ong\/en\/wp-json\/wp\/v2\/posts\/31238\/revisions\/31254"}],"wp:featuredmedia":[{"embeddable":true,"href":"https:\/\/funky.ong\/en\/wp-json\/wp\/v2\/media\/31239"}],"wp:attachment":[{"href":"https:\/\/funky.ong\/en\/wp-json\/wp\/v2\/media?parent=31238"}],"wp:term":[{"taxonomy":"category","embeddable":true,"href":"https:\/\/funky.ong\/en\/wp-json\/wp\/v2\/categories?post=31238"},{"taxonomy":"post_tag","embeddable":true,"href":"https:\/\/funky.ong\/en\/wp-json\/wp\/v2\/tags?post=31238"},{"taxonomy":"author","embeddable":true,"href":"https:\/\/funky.ong\/en\/wp-json\/wp\/v2\/ppma_author?post=31238"}],"curies":[{"name":"wp","href":"https:\/\/api.w.org\/{rel}","templated":true}]}}