{"id":31257,"date":"2026-09-02T15:59:44","date_gmt":"2026-09-02T12:59:44","guid":{"rendered":"https:\/\/funky.ong\/?p=31257"},"modified":"2026-09-02T15:59:44","modified_gmt":"2026-09-02T12:59:44","slug":"pnrr-s-a-incheiat-ce-urmeaza","status":"publish","type":"post","link":"https:\/\/funky.ong\/en\/pnrr-s-a-incheiat-ce-urmeaza\/","title":{"rendered":"PNRR s-a \u00eencheiat. Ce urmeaz\u0103?"},"content":{"rendered":"<p class=\"wp-block-paragraph\"><strong>PNRR s-a \u00eencheiat pe 31 august 2026. De atunci circul\u0103 cel pu\u021bin patru cifre diferite despre c\u00e2t am pierdut. Sunt, \u00een felul lor, toate corecte. Numai c\u0103 nu m\u0103soar\u0103 acela\u0219i lucru.\u00a0<\/strong><\/p>\r\n\r\n\r\n\r\n<p class=\"wp-block-paragraph\"><span data-contrast=\"auto\">\u00cencep\u00e2nd cu 1 septembrie, nimic din ce mai face statul rom\u00e2n nu mai conteaz\u0103: Comisia nu mai poate lua \u00een calcul ac\u021biuni realizate dup\u0103 31 august, nici m\u0103car pentru pl\u0103\u021bile deja suspendate, \u0219i nu mai poate fi aprobat\u0103 nicio modificare a planului.<\/span><span data-ccp-props=\"{}\">\u00a0<\/span><\/p>\r\n\r\n\r\n\r\n<p class=\"wp-block-paragraph\"><span data-contrast=\"auto\">Calendarul r\u0103mas:<\/span><br \/><span data-contrast=\"auto\">\u2192\u00a0<\/span><b><span data-contrast=\"auto\">30 septembrie<\/span><\/b><span data-contrast=\"auto\">\u00a0\u2014 ultima cerere de plat\u0103, cu toate documentele justificative<\/span><br \/><span data-contrast=\"auto\">\u2192\u00a0<\/span><b><span data-contrast=\"auto\">31 decembrie<\/span><\/b><span data-contrast=\"auto\">\u00a0\u2014 Comisia finalizeaz\u0103 toate pl\u0103\u021bile<\/span><span data-ccp-props=\"{}\">\u00a0<\/span><\/p>\r\n\r\n\r\n\r\n<p class=\"wp-block-paragraph\"><span data-contrast=\"auto\">Patru luni \u00een care se decide cea mai mare tran\u0219\u0103 din tot programul. Merit\u0103 s\u0103 \u0219tim ce num\u0103r\u0103m.<\/span><span data-ccp-props=\"{}\">\u00a0<\/span><\/p>\r\n\r\n\r\n\r\n<ol class=\"wp-block-list\">\r\n<li><b><span data-contrast=\"auto\"> Plan redus \u2260 bani pierdu\u021bi.<\/span><\/b><br \/><span data-contrast=\"auto\">Rom\u00e2nia a pornit \u00een octombrie 2021 cu 29,2 miliarde de euro: aproximativ 14,2 din granturi \u0219i 14,9 din \u00eemprumuturi. A ajuns la 20,1 miliarde. Diferen\u021ba e, \u00een cea mai mare parte, \u00eemprumuturi la care Rom\u00e2nia a renun\u021bat. Granturile au r\u0103mas la 13,57 miliarde.<\/span><\/li>\r\n\r\n\r\n\r\n<li><b><span data-contrast=\"auto\"> \u201eAm renun\u021bat&#8221; \u2260 \u201en-aveam nevoie&#8221;.<\/span><\/b><br \/><span data-contrast=\"auto\">S-a renun\u021bat la \u00eemprumuturi \u00een bun\u0103 m\u0103sur\u0103 pentru c\u0103 proiectele nu mai puteau fi executate p\u00e2n\u0103 la termen. Investi\u021biile alea nu dispar. Se mut\u0103 pe bugetul de stat, pe fonduri de coeziune sau nu se mai fac.<\/span><\/li>\r\n\r\n\r\n\r\n<li><b><span data-contrast=\"auto\"> Bani \u00eencasa\u021bi \u2260 bani p\u0103stra\u021bi.<\/span><\/b><br \/><span data-contrast=\"auto\">Cele 12,97 miliarde de euro primite p\u00e2n\u0103 acum (8,65 din granturi, 4,32 din \u00eemprumuturi) includ \u0219i prefinan\u021barea. Din ea se re\u021bin sume propor\u021bional cu ce nu s-a livrat.<\/span><span data-ccp-props=\"{}\">\u00a0<\/span><\/li>\r\n\r\n\r\n\r\n<li><b><span data-contrast=\"auto\"> Lege adoptat\u0103 \u2260 reform\u0103 \u00eendeplinit\u0103.<\/span><\/b><br \/><span data-contrast=\"auto\">Asta e cea mai scump\u0103 dintre confuzii \u0219i avem deja factura pentru ea.<\/span><\/li>\r\n<\/ol>\r\n\r\n\r\n\r\n<h3 class=\"wp-block-heading has-white-color has-text-color has-background has-link-color wp-elements-c6808091db371bede4c8d86739eff864\" style=\"background-color: #009e91;\"><strong>O lege adoptat\u0103 nu \u00eenseamn\u0103 automat o reform\u0103 f\u0103cut\u0103<\/strong><\/h3>\r\n\r\n\r\n\r\n<p class=\"wp-block-paragraph\"><b><span data-contrast=\"auto\">Pensiile speciale.<\/span><\/b><span data-contrast=\"auto\"> Rom\u00e2nia a adoptat Legea 282\/2023. Legea exist\u0103, e \u00een Monitorul Oficial. Dar Comisia nu a considerat jalonul \u00eendeplinit \u2014 din cauza am\u00e2n\u0103rilor succesive, a lipsei unei decizii definitive a CCR \u0219i a problemelor de calitate \u0219i echitate ale reformei adoptate. <\/span><\/p>\r\n\r\n\r\n\r\n<p class=\"wp-block-paragraph\"><strong>Cost pentru cet\u0103\u021beni: <\/strong>65 de milioane de euro.\u00a0<\/p>\r\n\r\n\r\n\r\n<p class=\"wp-block-paragraph\"><b><span data-contrast=\"auto\">Guvernan\u021ba corporativ\u0103 \u00een energie.<\/span><\/b><span data-contrast=\"auto\"> Din nou, cadrul legal este adoptat. Comisia a constatat numiri politice, proceduri neclare, criterii aplicate incorect, mandate incomplete. <\/span><\/p>\r\n\r\n\r\n\r\n<p class=\"wp-block-paragraph\"><span data-contrast=\"auto\"><strong>Cost pentru cet\u0103\u021beni:<\/strong> 180 de milioane de euro, din care s-au recuperat 48.<\/span><span data-ccp-props=\"{}\">\u00a0<\/span><\/p>\r\n\r\n\r\n\r\n<h3 class=\"wp-block-heading has-white-color has-text-color has-background has-link-color wp-elements-b5e05e09fbc5cc5ae8c6b58f4df7859f\" style=\"background-color: #009e91;\"><b><span data-contrast=\"auto\">\u0218i acum, un exemplu concret<\/span><\/b><\/h3>\r\n\r\n\r\n\r\n<blockquote class=\"wp-block-quote is-layout-flow wp-block-quote-is-layout-flow\">\r\n<p class=\"has-text-align-center wp-block-paragraph\"><span data-contrast=\"auto\">Bifa e pus\u0103. \u00centrebarea e ce anume s-a bifat.<\/span><span data-ccp-props=\"{}\">\u00a0<\/span><\/p>\r\n<\/blockquote>\r\n\r\n\r\n\r\n<p class=\"wp-block-paragraph\">&nbsp;<\/p>\r\n<p><b><span data-contrast=\"auto\">Legea integrit\u0103\u021bii.<\/span><\/b><span data-contrast=\"auto\"> Adoptat\u0103 de Senat pe 26 august \u0219i promulgat\u0103 \u00eenainte de termen.\u00a0<\/span><\/p>\r\n\r\n\r\n\r\n<p class=\"wp-block-paragraph\"><span data-contrast=\"auto\">\u00cen forma final\u0103, declara\u021biile de avere nu mai sunt publice a\u0219a cum erau. O parte din informa\u021bii sunt exceptate de la accesul public, iar restul ajunge \u00eentr-o sintez\u0103 generat\u0103 de ANI (Agen\u021bia Na\u021bional\u0103 de Integritate). <\/span><\/p>\r\n\r\n\r\n\r\n<p class=\"wp-block-paragraph\"><span data-contrast=\"auto\">Asta \u00eenseamn\u0103 c\u0103 nu se mai vede localizarea imobilelor sau marca ma\u0219inii, ci o valoare total\u0103. Contractele cu statul se bifeaz\u0103 c\u0103 exist\u0103 \u2014 f\u0103r\u0103 sum\u0103, f\u0103r\u0103 institu\u021bia implicat\u0103, f\u0103r\u0103 obiectul contractului. So\u021bii \u0219i partenerii nu mai depun declara\u021bii proprii. Iar regulile se aplic\u0103 de la 1 ianuarie 2027, timp \u00een care ANI trebuie s\u0103 construiasc\u0103 sistemul informatic care face datele vizibile.<\/span><\/p>\r\n\r\n\r\n\r\n<h2 class=\"wp-block-heading has-text-align-center\"><span data-contrast=\"auto\">\u00cen aceea\u0219i zi, premierul interimar a spus dou\u0103 lucruri: c\u0103 e important s\u0103 nu pierdem banii europeni lega\u021bi de acest jalon \u0219i c\u0103 amendamentul controversat trebuie corectat \u00een perioada urm\u0103toare.<\/span><span data-ccp-props=\"{}\">\u00a0<\/span><\/h2>\r\n\r\n\r\n\r\n<p class=\"wp-block-paragraph\"><span data-contrast=\"auto\">Comisia European\u0103 a anun\u021bat deja c\u0103 evalueaz\u0103 Legea integrit\u0103\u021bii \u00een cadrul cererii de plat\u0103 nr. 6. Nu evalueaz\u0103 dac\u0103 avem o lege. Evalueaz\u0103 dac\u0103 reforma face ceea ce s-a angajat Rom\u00e2nia s\u0103 fac\u0103: <strong>un sistem de integritate care func\u021bioneaz\u0103<\/strong>.<\/span><span data-ccp-props=\"{}\">\u00a0<\/span><\/p>\r\n\r\n\r\n\r\n<p class=\"wp-block-paragraph\"><span data-contrast=\"auto\">Precedentul de la cererea de plat\u0103 nr. 3 arat\u0103 cum decurge asta. Depus\u0103 \u00een decembrie 2023, cu 74 de jaloane \u0219i \u021binte. Comisia a g\u0103sit \u0219ase ne\u00eendeplinite satisf\u0103c\u0103tor \u0219i a suspendat aproximativ 869,8 milioane de euro. Rom\u00e2nia a avut o perioad\u0103 de corectare \u0219i a trimis justific\u0103ri suplimentare \u00een noiembrie 2025. A recuperat 350,7 milioane, dar 458,7 milioane s-au pierdut definitiv. De la depunere la decizia final\u0103 au trecut aproape doi ani \u0219i jum\u0103tate.<\/span><span data-ccp-props=\"{}\">\u00a0<\/span><\/p>\r\n\r\n\r\n\r\n<p class=\"wp-block-paragraph\"><span data-contrast=\"auto\">Consecin\u021ba e incomod\u0103 pentru toat\u0103 lumea care \u021bine scorul acum, indiferent din ce tab\u0103r\u0103:\u00a0<\/span><b><span data-contrast=\"auto\">nici pierderile anun\u021bate \u00een ultimele zile nu sunt definitive \u0219i nici c\u00e2\u0219tigurile.<\/span><\/b><span data-contrast=\"auto\">\u00a0Asta se va decide dup\u0103 o evaluare care nu va fi at\u00e2t de simpl\u0103 \u0219i \u00een care, cel mai probabil, for\u021barea de pe ultima sut\u0103 de metri nu va fi neap\u0103rat \u0219i cu folos.\u00a0<\/span><span data-ccp-props=\"{}\">\u00a0<\/span><span data-ccp-props=\"{}\">\u00a0<\/span><\/p>\r\n\r\n\r\n\r\n<p class=\"has-background wp-block-paragraph\" style=\"background-color: #dffbf6;\"><b><span data-contrast=\"auto\">Partea cea mai important\u0103: <a href=\"https:\/\/funky.ong\/en\/raport-de-monitorizare-pnrr-legile-nimanui\/\" target=\"_blank\" rel=\"noopener\">S-o fi \u00eencheiat PNRR<\/a>, dar urmeaz\u0103 PNRP (Planurile Na\u021bionale \u0219i Regionale de Parteneriat). Modelul PNRR este cel dup\u0103 care se vor modela \u0219i urm\u0103toarele aloc\u0103ri pentru toate fondurile europene. A\u0219adar, e important ca Rom\u00e2nia s\u0103 \u00eenve\u021be lec\u021biile acestei perioade. Nu de alta, dar nu ne permitem s\u0103 d\u0103m cu piciorul la miliarde de euro gratis. <\/span><\/b><span data-ccp-props=\"{}\">\u00a0<\/span><\/p>\r\n\r\n\r\n\r\n<p class=\"wp-block-paragraph\">&nbsp;<\/p>","protected":false},"excerpt":{"rendered":"<p>PNRR s-a \u00eencheiat pe 31 august 2026. De atunci circul\u0103 cel pu\u021bin patru cifre diferite despre c\u00e2t am pierdut. Sunt, \u00een felul lor, toate corecte. Numai c\u0103 nu m\u0103soar\u0103 acela\u0219i lucru.\u00a0 \u00cencep\u00e2nd cu 1 septembrie, nimic din ce mai face statul rom\u00e2n nu mai conteaz\u0103: Comisia nu mai poate lua \u00een calcul ac\u021biuni realizate dup\u0103 31 august, nici m\u0103car pentru pl\u0103\u021bile deja suspendate, \u0219i nu mai poate fi aprobat\u0103 nicio modificare a planului.\u00a0 Calendarul r\u0103mas:\u2192\u00a030 septembrie\u00a0\u2014 ultima cerere de plat\u0103, cu toate documentele justificative\u2192\u00a031 decembrie\u00a0\u2014 Comisia finalizeaz\u0103 toate pl\u0103\u021bile\u00a0 Patru luni \u00een care se decide cea mai mare tran\u0219\u0103 din tot programul. Merit\u0103 s\u0103 \u0219tim ce num\u0103r\u0103m.\u00a0 O lege adoptat\u0103 nu \u00eenseamn\u0103 automat o reform\u0103 f\u0103cut\u0103 Pensiile speciale. Rom\u00e2nia a adoptat Legea 282\/2023. Legea exist\u0103, e \u00een Monitorul Oficial&#8230;.<\/p>","protected":false},"author":879161,"featured_media":31258,"comment_status":"closed","ping_status":"closed","sticky":false,"template":"","format":"standard","meta":{"footnotes":""},"categories":[24],"tags":[598,673,410],"ppma_author":[672],"class_list":["post-31257","post","type-post","status-publish","format-standard","has-post-thumbnail","category-bugete","tag-buget-2026","tag-pnrp","tag-pnrr","author-elena-calistru"],"yoast_head":"<!-- This site is optimized with the Yoast SEO plugin v28.2 - https:\/\/yoast.com\/product\/yoast-seo-wordpress\/ -->\n<title>PNRR s-a \u00eencheiat. Ce urmeaz\u0103? - Funky Citizens<\/title>\n<meta name=\"description\" content=\"PNRR s-a \u00eencheiat pe 31 august 2026. De atunci circul\u0103 cel pu\u021bin patru cifre diferite despre c\u00e2t am pierdut.\" \/>\n<meta name=\"robots\" content=\"index, follow, max-snippet:-1, max-image-preview:large, max-video-preview:-1\" \/>\n<link rel=\"canonical\" href=\"https:\/\/funky.ong\/en\/pnrr-s-a-incheiat-ce-urmeaza\/\" \/>\n<meta property=\"og:locale\" content=\"en_GB\" \/>\n<meta property=\"og:type\" content=\"article\" \/>\n<meta property=\"og:title\" content=\"PNRR s-a \u00eencheiat. Ce urmeaz\u0103? - Funky Citizens\" \/>\n<meta property=\"og:description\" content=\"PNRR s-a \u00eencheiat pe 31 august 2026. De atunci circul\u0103 cel pu\u021bin patru cifre diferite despre c\u00e2t am pierdut.\" \/>\n<meta property=\"og:url\" content=\"https:\/\/funky.ong\/en\/pnrr-s-a-incheiat-ce-urmeaza\/\" \/>\n<meta property=\"og:site_name\" content=\"Funky Citizens\" \/>\n<meta property=\"article:published_time\" content=\"2026-09-02T12:59:44+00:00\" \/>\n<meta property=\"og:image\" content=\"https:\/\/funky.ong\/wp-content\/uploads\/2026\/09\/funky-citizens-pnrr-2026.jpg\" \/>\n\t<meta property=\"og:image:width\" content=\"1200\" \/>\n\t<meta property=\"og:image:height\" content=\"900\" \/>\n\t<meta property=\"og:image:type\" content=\"image\/jpeg\" \/>\n<meta name=\"author\" content=\"Elena Calistru\" \/>\n<meta name=\"twitter:card\" content=\"summary_large_image\" \/>\n<meta name=\"twitter:label1\" content=\"Written by\" \/>\n\t<meta name=\"twitter:data1\" content=\"Elena Calistru\" \/>\n\t<meta name=\"twitter:label2\" content=\"Estimated reading time\" \/>\n\t<meta name=\"twitter:data2\" content=\"4 minutes\" \/>\n<script type=\"application\/ld+json\" class=\"yoast-schema-graph\">{\"@context\":\"https:\\\/\\\/schema.org\",\"@graph\":[{\"@type\":\"Article\",\"@id\":\"https:\\\/\\\/funky.ong\\\/pnrr-s-a-incheiat-ce-urmeaza\\\/#article\",\"isPartOf\":{\"@id\":\"https:\\\/\\\/funky.ong\\\/pnrr-s-a-incheiat-ce-urmeaza\\\/\"},\"author\":{\"name\":\"Elena Calistru\",\"@id\":\"https:\\\/\\\/funky.ong\\\/#\\\/schema\\\/person\\\/488678567a597bbb73d183fc02ad000b\"},\"headline\":\"PNRR s-a \u00eencheiat. Ce urmeaz\u0103?\",\"datePublished\":\"2026-09-02T12:59:44+00:00\",\"mainEntityOfPage\":{\"@id\":\"https:\\\/\\\/funky.ong\\\/pnrr-s-a-incheiat-ce-urmeaza\\\/\"},\"wordCount\":781,\"image\":{\"@id\":\"https:\\\/\\\/funky.ong\\\/pnrr-s-a-incheiat-ce-urmeaza\\\/#primaryimage\"},\"thumbnailUrl\":\"https:\\\/\\\/funky.ong\\\/wp-content\\\/uploads\\\/2026\\\/09\\\/funky-citizens-pnrr-2026.jpg\",\"keywords\":[\"buget 2026\",\"pnrp\",\"pnrr\"],\"articleSection\":[\"Bugete Publice\"],\"inLanguage\":\"en-GB\"},{\"@type\":\"WebPage\",\"@id\":\"https:\\\/\\\/funky.ong\\\/pnrr-s-a-incheiat-ce-urmeaza\\\/\",\"url\":\"https:\\\/\\\/funky.ong\\\/pnrr-s-a-incheiat-ce-urmeaza\\\/\",\"name\":\"PNRR s-a \u00eencheiat. Ce urmeaz\u0103? - Funky Citizens\",\"isPartOf\":{\"@id\":\"https:\\\/\\\/funky.ong\\\/#website\"},\"primaryImageOfPage\":{\"@id\":\"https:\\\/\\\/funky.ong\\\/pnrr-s-a-incheiat-ce-urmeaza\\\/#primaryimage\"},\"image\":{\"@id\":\"https:\\\/\\\/funky.ong\\\/pnrr-s-a-incheiat-ce-urmeaza\\\/#primaryimage\"},\"thumbnailUrl\":\"https:\\\/\\\/funky.ong\\\/wp-content\\\/uploads\\\/2026\\\/09\\\/funky-citizens-pnrr-2026.jpg\",\"datePublished\":\"2026-09-02T12:59:44+00:00\",\"author\":{\"@id\":\"https:\\\/\\\/funky.ong\\\/#\\\/schema\\\/person\\\/488678567a597bbb73d183fc02ad000b\"},\"description\":\"PNRR s-a \u00eencheiat pe 31 august 2026. De atunci circul\u0103 cel pu\u021bin patru cifre diferite despre c\u00e2t am pierdut.\",\"breadcrumb\":{\"@id\":\"https:\\\/\\\/funky.ong\\\/pnrr-s-a-incheiat-ce-urmeaza\\\/#breadcrumb\"},\"inLanguage\":\"en-GB\",\"potentialAction\":[{\"@type\":\"ReadAction\",\"target\":[\"https:\\\/\\\/funky.ong\\\/pnrr-s-a-incheiat-ce-urmeaza\\\/\"]}]},{\"@type\":\"ImageObject\",\"inLanguage\":\"en-GB\",\"@id\":\"https:\\\/\\\/funky.ong\\\/pnrr-s-a-incheiat-ce-urmeaza\\\/#primaryimage\",\"url\":\"https:\\\/\\\/funky.ong\\\/wp-content\\\/uploads\\\/2026\\\/09\\\/funky-citizens-pnrr-2026.jpg\",\"contentUrl\":\"https:\\\/\\\/funky.ong\\\/wp-content\\\/uploads\\\/2026\\\/09\\\/funky-citizens-pnrr-2026.jpg\",\"width\":1200,\"height\":900,\"caption\":\"PNRR\"},{\"@type\":\"BreadcrumbList\",\"@id\":\"https:\\\/\\\/funky.ong\\\/pnrr-s-a-incheiat-ce-urmeaza\\\/#breadcrumb\",\"itemListElement\":[{\"@type\":\"ListItem\",\"position\":1,\"name\":\"Home\",\"item\":\"https:\\\/\\\/funky.ong\\\/\"},{\"@type\":\"ListItem\",\"position\":2,\"name\":\"PNRR s-a \u00eencheiat. Ce urmeaz\u0103?\"}]},{\"@type\":\"WebSite\",\"@id\":\"https:\\\/\\\/funky.ong\\\/#website\",\"url\":\"https:\\\/\\\/funky.ong\\\/\",\"name\":\"Funky Citizens\",\"description\":\"lupt\u0103m cu apatia civic\u0103\",\"potentialAction\":[{\"@type\":\"SearchAction\",\"target\":{\"@type\":\"EntryPoint\",\"urlTemplate\":\"https:\\\/\\\/funky.ong\\\/?s={search_term_string}\"},\"query-input\":{\"@type\":\"PropertyValueSpecification\",\"valueRequired\":true,\"valueName\":\"search_term_string\"}}],\"inLanguage\":\"en-GB\"},{\"@type\":\"Person\",\"@id\":\"https:\\\/\\\/funky.ong\\\/#\\\/schema\\\/person\\\/488678567a597bbb73d183fc02ad000b\",\"name\":\"Elena Calistru\",\"image\":{\"@type\":\"ImageObject\",\"inLanguage\":\"en-GB\",\"@id\":\"https:\\\/\\\/secure.gravatar.com\\\/avatar\\\/ab9be93c82fac11457ef76391b8c2be20c5fd07e8da6f3f97f730a3712f394f9?s=96&d=mm&r=g0ff948b71608de556fded07c86eef3df\",\"url\":\"https:\\\/\\\/secure.gravatar.com\\\/avatar\\\/ab9be93c82fac11457ef76391b8c2be20c5fd07e8da6f3f97f730a3712f394f9?s=96&d=mm&r=g\",\"contentUrl\":\"https:\\\/\\\/secure.gravatar.com\\\/avatar\\\/ab9be93c82fac11457ef76391b8c2be20c5fd07e8da6f3f97f730a3712f394f9?s=96&d=mm&r=g\",\"caption\":\"Elena Calistru\"},\"url\":\"https:\\\/\\\/funky.ong\\\/en\\\/author\\\/elena-calistru\\\/\"}]}<\/script>\n<!-- \/ Yoast SEO plugin. -->","yoast_head_json":{"title":"PNRR s-a \u00eencheiat. Ce urmeaz\u0103? - Funky Citizens","description":"PNRR s-a \u00eencheiat pe 31 august 2026. De atunci circul\u0103 cel pu\u021bin patru cifre diferite despre c\u00e2t am pierdut.","robots":{"index":"index","follow":"follow","max-snippet":"max-snippet:-1","max-image-preview":"max-image-preview:large","max-video-preview":"max-video-preview:-1"},"canonical":"https:\/\/funky.ong\/en\/pnrr-s-a-incheiat-ce-urmeaza\/","og_locale":"en_GB","og_type":"article","og_title":"PNRR s-a \u00eencheiat. Ce urmeaz\u0103? - Funky Citizens","og_description":"PNRR s-a \u00eencheiat pe 31 august 2026. De atunci circul\u0103 cel pu\u021bin patru cifre diferite despre c\u00e2t am pierdut.","og_url":"https:\/\/funky.ong\/en\/pnrr-s-a-incheiat-ce-urmeaza\/","og_site_name":"Funky Citizens","article_published_time":"2026-09-02T12:59:44+00:00","og_image":[{"width":1200,"height":900,"url":"https:\/\/funky.ong\/wp-content\/uploads\/2026\/09\/funky-citizens-pnrr-2026.jpg","type":"image\/jpeg"}],"author":"Elena Calistru","twitter_card":"summary_large_image","twitter_misc":{"Written by":"Elena Calistru","Estimated reading time":"4 minutes"},"schema":{"@context":"https:\/\/schema.org","@graph":[{"@type":"Article","@id":"https:\/\/funky.ong\/pnrr-s-a-incheiat-ce-urmeaza\/#article","isPartOf":{"@id":"https:\/\/funky.ong\/pnrr-s-a-incheiat-ce-urmeaza\/"},"author":{"name":"Elena Calistru","@id":"https:\/\/funky.ong\/#\/schema\/person\/488678567a597bbb73d183fc02ad000b"},"headline":"PNRR s-a \u00eencheiat. Ce urmeaz\u0103?","datePublished":"2026-09-02T12:59:44+00:00","mainEntityOfPage":{"@id":"https:\/\/funky.ong\/pnrr-s-a-incheiat-ce-urmeaza\/"},"wordCount":781,"image":{"@id":"https:\/\/funky.ong\/pnrr-s-a-incheiat-ce-urmeaza\/#primaryimage"},"thumbnailUrl":"https:\/\/funky.ong\/wp-content\/uploads\/2026\/09\/funky-citizens-pnrr-2026.jpg","keywords":["buget 2026","pnrp","pnrr"],"articleSection":["Bugete Publice"],"inLanguage":"en-GB"},{"@type":"WebPage","@id":"https:\/\/funky.ong\/pnrr-s-a-incheiat-ce-urmeaza\/","url":"https:\/\/funky.ong\/pnrr-s-a-incheiat-ce-urmeaza\/","name":"PNRR s-a \u00eencheiat. Ce urmeaz\u0103? - Funky Citizens","isPartOf":{"@id":"https:\/\/funky.ong\/#website"},"primaryImageOfPage":{"@id":"https:\/\/funky.ong\/pnrr-s-a-incheiat-ce-urmeaza\/#primaryimage"},"image":{"@id":"https:\/\/funky.ong\/pnrr-s-a-incheiat-ce-urmeaza\/#primaryimage"},"thumbnailUrl":"https:\/\/funky.ong\/wp-content\/uploads\/2026\/09\/funky-citizens-pnrr-2026.jpg","datePublished":"2026-09-02T12:59:44+00:00","author":{"@id":"https:\/\/funky.ong\/#\/schema\/person\/488678567a597bbb73d183fc02ad000b"},"description":"PNRR s-a \u00eencheiat pe 31 august 2026. De atunci circul\u0103 cel pu\u021bin patru cifre diferite despre c\u00e2t am pierdut.","breadcrumb":{"@id":"https:\/\/funky.ong\/pnrr-s-a-incheiat-ce-urmeaza\/#breadcrumb"},"inLanguage":"en-GB","potentialAction":[{"@type":"ReadAction","target":["https:\/\/funky.ong\/pnrr-s-a-incheiat-ce-urmeaza\/"]}]},{"@type":"ImageObject","inLanguage":"en-GB","@id":"https:\/\/funky.ong\/pnrr-s-a-incheiat-ce-urmeaza\/#primaryimage","url":"https:\/\/funky.ong\/wp-content\/uploads\/2026\/09\/funky-citizens-pnrr-2026.jpg","contentUrl":"https:\/\/funky.ong\/wp-content\/uploads\/2026\/09\/funky-citizens-pnrr-2026.jpg","width":1200,"height":900,"caption":"PNRR"},{"@type":"BreadcrumbList","@id":"https:\/\/funky.ong\/pnrr-s-a-incheiat-ce-urmeaza\/#breadcrumb","itemListElement":[{"@type":"ListItem","position":1,"name":"Home","item":"https:\/\/funky.ong\/"},{"@type":"ListItem","position":2,"name":"PNRR s-a \u00eencheiat. Ce urmeaz\u0103?"}]},{"@type":"WebSite","@id":"https:\/\/funky.ong\/#website","url":"https:\/\/funky.ong\/","name":"Funky Citizens","description":"lupt\u0103m cu apatia civic\u0103","potentialAction":[{"@type":"SearchAction","target":{"@type":"EntryPoint","urlTemplate":"https:\/\/funky.ong\/?s={search_term_string}"},"query-input":{"@type":"PropertyValueSpecification","valueRequired":true,"valueName":"search_term_string"}}],"inLanguage":"en-GB"},{"@type":"Person","@id":"https:\/\/funky.ong\/#\/schema\/person\/488678567a597bbb73d183fc02ad000b","name":"Elena Calistru","image":{"@type":"ImageObject","inLanguage":"en-GB","@id":"https:\/\/secure.gravatar.com\/avatar\/ab9be93c82fac11457ef76391b8c2be20c5fd07e8da6f3f97f730a3712f394f9?s=96&d=mm&r=g0ff948b71608de556fded07c86eef3df","url":"https:\/\/secure.gravatar.com\/avatar\/ab9be93c82fac11457ef76391b8c2be20c5fd07e8da6f3f97f730a3712f394f9?s=96&d=mm&r=g","contentUrl":"https:\/\/secure.gravatar.com\/avatar\/ab9be93c82fac11457ef76391b8c2be20c5fd07e8da6f3f97f730a3712f394f9?s=96&d=mm&r=g","caption":"Elena Calistru"},"url":"https:\/\/funky.ong\/en\/author\/elena-calistru\/"}]}},"authors":[{"term_id":672,"user_id":879161,"is_guest":0,"slug":"elena-calistru","display_name":"Elena Calistru","avatar_url":"https:\/\/secure.gravatar.com\/avatar\/ab9be93c82fac11457ef76391b8c2be20c5fd07e8da6f3f97f730a3712f394f9?s=96&d=mm&r=g","author_category":"","first_name":"Elena","last_name":"Calistru","user_url":"","job_title":"","description":""}],"menu_order":0,"_links":{"self":[{"href":"https:\/\/funky.ong\/en\/wp-json\/wp\/v2\/posts\/31257","targetHints":{"allow":["GET"]}}],"collection":[{"href":"https:\/\/funky.ong\/en\/wp-json\/wp\/v2\/posts"}],"about":[{"href":"https:\/\/funky.ong\/en\/wp-json\/wp\/v2\/types\/post"}],"author":[{"embeddable":true,"href":"https:\/\/funky.ong\/en\/wp-json\/wp\/v2\/users\/879161"}],"replies":[{"embeddable":true,"href":"https:\/\/funky.ong\/en\/wp-json\/wp\/v2\/comments?post=31257"}],"version-history":[{"count":4,"href":"https:\/\/funky.ong\/en\/wp-json\/wp\/v2\/posts\/31257\/revisions"}],"predecessor-version":[{"id":31263,"href":"https:\/\/funky.ong\/en\/wp-json\/wp\/v2\/posts\/31257\/revisions\/31263"}],"wp:featuredmedia":[{"embeddable":true,"href":"https:\/\/funky.ong\/en\/wp-json\/wp\/v2\/media\/31258"}],"wp:attachment":[{"href":"https:\/\/funky.ong\/en\/wp-json\/wp\/v2\/media?parent=31257"}],"wp:term":[{"taxonomy":"category","embeddable":true,"href":"https:\/\/funky.ong\/en\/wp-json\/wp\/v2\/categories?post=31257"},{"taxonomy":"post_tag","embeddable":true,"href":"https:\/\/funky.ong\/en\/wp-json\/wp\/v2\/tags?post=31257"},{"taxonomy":"author","embeddable":true,"href":"https:\/\/funky.ong\/en\/wp-json\/wp\/v2\/ppma_author?post=31257"}],"curies":[{"name":"wp","href":"https:\/\/api.w.org\/{rel}","templated":true}]}}